{"id":535,"date":"2016-02-26T11:55:29","date_gmt":"2016-02-26T11:55:29","guid":{"rendered":"https:\/\/upbeat-goodall.82-223-35-84.plesk.page\/index.php\/2016\/02\/26\/catolicos-judios-evangelicos-y-musulmanes-se-unen-para-denunciar-las-ofensas-a-los-sentimientos-religiosos\/"},"modified":"2016-02-26T11:55:29","modified_gmt":"2016-02-26T11:55:29","slug":"catolicos-judios-evangelicos-y-musulmanes-se-unen-para-denunciar-las-ofensas-a-los-sentimientos-religiosos","status":"publish","type":"post","link":"https:\/\/cejc-madrid.org\/index.php\/2016\/02\/26\/catolicos-judios-evangelicos-y-musulmanes-se-unen-para-denunciar-las-ofensas-a-los-sentimientos-religiosos\/","title":{"rendered":"Cat\u00f3licos, jud\u00edos, evang\u00e9licos y musulmanes, se unen para denunciar las ofensas a los sentimientos religiosos"},"content":{"rendered":"<p style=\"text-align: justify; line-height: 150%;\"><strong><span style=\"font-size: 12pt; line-height: 150%; font-family: 'Times New Roman', serif;\">Los representantes de las confesiones religiosas que tienen firmados acuerdos con el Estado Espa&ntilde;ol, es decir, cat&oacute;licos,&nbsp;jud&iacute;os,&nbsp;evang&eacute;licos&nbsp;y&nbsp;musulmanes, han firmado un comunicado conjunto para denunciar p&uacute;blicamente las ofensas contra los sentimientos religiosos, haciendo referencia expl&iacute;cita a la versi&oacute;n sexual del Padrenuestro recitada por la poetisa Dolors Miquel durante los Premios Ciudad de Barcelona.<\/span><\/strong><\/p>\n<p style=\"line-height: 150%;\"><span style=\"font-size: 12pt; line-height: 150%; font-family: 'Times New Roman', serif;\">\u00ab<em>La entrega de premios Ciudad de Barcelona de este a&ntilde;o, con una pretendida finalidad po&eacute;tica, ofreci&oacute; a los asistentes una recitaci&oacute;n que, m&aacute;s all&aacute; de la provocaci&oacute;n y el mal gusto, incurre en ofensas gratuitas a los sentimientos religiosos de diversas comunidades de creyentes de nuestro pa&iacute;s. Este es un triste episodio m&aacute;s, que se une a otros tambi&eacute;n ofensivos para los creyentes, y que reclaman nuestra denuncia p&uacute;blica<\/em>\u00ab, declaran.<\/span><\/p>\n<p style=\"line-height: 150%;\"><span style=\"font-size: 12pt; line-height: 150%; font-family: 'Times New Roman', serif;\">Los firmantes de este comunicado son el secretario general y portavoz de la Conferencia Episcopal Espa&ntilde;ola (CEE), Jos&eacute; Mar&iacute;a Gil Tamayo; el presidente de la Federaci&oacute;n de Comunidades Jud&iacute;as de Espa&ntilde;a (FCJE), Isaac Querub; el secretario ejecutivo de la Federaci&oacute;n de Entidades Religiosas Evang&eacute;licas de Espa&ntilde;a (FEREDE), Mariano Bl&aacute;zquez y&nbsp;el presidente de la Comisi&oacute;n Isl&aacute;mica de Espa&ntilde;a (CIE), Riay Tatary.<\/span><\/p>\n<p style=\"line-height: 150%;\"><span style=\"font-size: 12pt; line-height: 150%; font-family: 'Times New Roman', serif;\">Todos ellos se han unido para transmitir un mensaje de \u00abrespeto\u00bb a todos los creyentes de toda confesi&oacute;n, y de \u00abrechazo a las ofensas p&uacute;blicas contra los sentimientos religiosos\u00bb de los \u00abconvecinos\u00bb, para una convivencia \u00abrespetuosa y hermanada\u00bb.<\/span><\/p>\n<p style=\"line-height: 150%;\"><span style=\"font-size: 12pt; line-height: 150%; font-family: 'Times New Roman', serif;\">Adem&aacute;s, recuerdan que en Espa&ntilde;a, los sentimientos religiosos gozan de protecci&oacute;n, a la par que se garantiza la libertad de expresi&oacute;n&nbsp;<em>\u00abcon el l&iacute;mite constitucional del respeto a los dem&aacute;s derechos y libertades, como es la libertad religiosa\u00bb.<\/em><\/span><\/p>\n<p style=\"line-height: 150%;\"><em><span style=\"font-size: 12pt; line-height: 150%; font-family: 'Times New Roman', serif;\">\u00abLas diversas comunidades religiosas de nuestro pa&iacute;s trabajamos por la convivencia armoniosa y productiva entre conciudadanos de toda convicci&oacute;n, ejerciendo plenamente su derecho a la libertad de expresi&oacute;n sin herir los sentimientos de los dem&aacute;s<\/span><\/em><span style=\"font-size: 12pt; line-height: 150%; font-family: 'Times New Roman', serif;\">\u00ab, subrayan.<\/span><\/p>\n","protected":false},"excerpt":{"rendered":"<p>Los representantes de las confesiones religiosas que tienen firmados acuerdos con el Estado Espa&ntilde;ol, es decir, cat&oacute;licos,&nbsp;jud&iacute;os,&nbsp;evang&eacute;licos&nbsp;y&nbsp;musulmanes, han firmado un comunicado conjunto para denunciar p&uacute;blicamente las ofensas contra los sentimientos religiosos, haciendo referencia expl&iacute;cita a la versi&oacute;n sexual del Padrenuestro recitada por la poetisa Dolors Miquel durante los Premios Ciudad de Barcelona. \u00abLa entrega de [&hellip;]<\/p>\n","protected":false},"author":1,"featured_media":0,"comment_status":"open","ping_status":"open","sticky":false,"template":"","format":"standard","meta":{"_et_pb_use_builder":"","_et_pb_old_content":"","_et_gb_content_width":"","footnotes":""},"categories":[1],"tags":[],"class_list":["post-535","post","type-post","status-publish","format-standard","hentry","category-uncategorized"],"_links":{"self":[{"href":"https:\/\/cejc-madrid.org\/index.php\/wp-json\/wp\/v2\/posts\/535","targetHints":{"allow":["GET"]}}],"collection":[{"href":"https:\/\/cejc-madrid.org\/index.php\/wp-json\/wp\/v2\/posts"}],"about":[{"href":"https:\/\/cejc-madrid.org\/index.php\/wp-json\/wp\/v2\/types\/post"}],"author":[{"embeddable":true,"href":"https:\/\/cejc-madrid.org\/index.php\/wp-json\/wp\/v2\/users\/1"}],"replies":[{"embeddable":true,"href":"https:\/\/cejc-madrid.org\/index.php\/wp-json\/wp\/v2\/comments?post=535"}],"version-history":[{"count":0,"href":"https:\/\/cejc-madrid.org\/index.php\/wp-json\/wp\/v2\/posts\/535\/revisions"}],"wp:attachment":[{"href":"https:\/\/cejc-madrid.org\/index.php\/wp-json\/wp\/v2\/media?parent=535"}],"wp:term":[{"taxonomy":"category","embeddable":true,"href":"https:\/\/cejc-madrid.org\/index.php\/wp-json\/wp\/v2\/categories?post=535"},{"taxonomy":"post_tag","embeddable":true,"href":"https:\/\/cejc-madrid.org\/index.php\/wp-json\/wp\/v2\/tags?post=535"}],"curies":[{"name":"wp","href":"https:\/\/api.w.org\/{rel}","templated":true}]}}