{"id":539,"date":"2016-10-14T08:36:14","date_gmt":"2016-10-14T08:36:14","guid":{"rendered":"https:\/\/upbeat-goodall.82-223-35-84.plesk.page\/index.php\/2016\/10\/14\/comunicado-del-cejc-acerca-de-la-resolucion-de-la-unesco-negando-cualuier-vinculo-entre-el-monte-del-templo-y-el-judaismo\/"},"modified":"2016-10-14T08:36:14","modified_gmt":"2016-10-14T08:36:14","slug":"comunicado-del-cejc-acerca-de-la-resolucion-de-la-unesco-negando-cualuier-vinculo-entre-el-monte-del-templo-y-el-judaismo","status":"publish","type":"post","link":"https:\/\/cejc-madrid.org\/index.php\/2016\/10\/14\/comunicado-del-cejc-acerca-de-la-resolucion-de-la-unesco-negando-cualuier-vinculo-entre-el-monte-del-templo-y-el-judaismo\/","title":{"rendered":"COMUNICADO DEL CEJC ACERCA DE LA RESOLUCI\u00d3N DE LA UNESCO NEGANDO CUALUIER V\u00cdNCULO ENTRE EL MONTE DEL TEMPLO Y EL JUDA\u00cdSMO"},"content":{"rendered":"<p><span style=\"color: #1d2129; font-family: 'Times New Roman', serif; font-size: 16px; background-image: initial; background-position: initial; background-repeat: initial; background-attachment: initial;\">La UNESCO ha adoptado una resoluci&oacute;n en la que se niega todo v&iacute;nculo entre el Monte del Templo de Jerusalem y el juda&iacute;smo, limit&aacute;ndose a considerarlo un lugar de culto musulm&aacute;n.<\/span><br style=\"color: #1d2129; font-family: 'Times New Roman', serif; font-size: 16px;\" \/><span style=\"color: #1d2129; font-family: 'Times New Roman', serif; font-size: 16px; background-image: initial; background-position: initial; background-repeat: initial; background-attachment: initial;\">La UNESCO tiene el objetivo fundacional de contribuir a la paz y a la seguridad en el mundo mediante la educaci&oacute;n, la ciencia y la cultura. Es lamentable que obviando todos sus valores, haya propuesto a votaci&oacute;n una resoluci&oacute;n que solo tiene motivos pol&iacute;ticos de indudable arbitrariedad. Afirmar que el&nbsp;<em>Har Ha-Bayit<\/em>&nbsp;no est&aacute; relacionado con el juda&iacute;smo cuando en el monte Mori&aacute; se sit&uacute;a la historia b&iacute;blica del sacrificio de Isaac y fue elegido por el rey David para construir un santuario que albergara el objeto m&aacute;s sagrado del juda&iacute;smo, el Arca de la Alianza, no solo es absurdo sino una injuria grav&iacute;sima para las creencias de la religi&oacute;n jud&iacute;a, y tambi&eacute;n para la religi&oacute;n cristiana pues compartimos las mismas ra&iacute;ces. Las pruebas hist&oacute;ricas y arqueol&oacute;gicas que demuestran la falsedad de la aseveraci&oacute;n de la UNESCO son tan palpables para cualquiera que tenga un inter&eacute;s honesto por la verdad cient&iacute;fica, que no nos detendremos en ellas.<\/span><br style=\"color: #1d2129; font-family: 'Times New Roman', serif; font-size: 16px;\" \/><strong style=\"color: #1d2129; font-family: 'Times New Roman', serif; font-size: 16px;\"><span style=\"background-image: initial; background-position: initial; background-repeat: initial; background-attachment: initial;\">El Centro de Estudios Judeo-Cristianos<\/span><\/strong><span style=\"color: #1d2129; font-family: 'Times New Roman', serif; font-size: 16px; background-image: initial; background-position: initial; background-repeat: initial; background-attachment: initial;\">&nbsp;condena dicha resoluci&oacute;n, deplora la actitud tibia de los pa&iacute;ses occidentales que absteni&eacute;ndose, son incapaces de emitir un juicio objetivo sobre un hecho hist&oacute;rico, y espera que se recobre el entendimiento antes de que el fanatismo radical tome nota de nuestra debilidad con funestas consecuencias.<\/span><\/p>\n","protected":false},"excerpt":{"rendered":"<p>La UNESCO ha adoptado una resoluci&oacute;n en la que se niega todo v&iacute;nculo entre el Monte del Templo de Jerusalem y el juda&iacute;smo, limit&aacute;ndose a considerarlo un lugar de culto musulm&aacute;n.La UNESCO tiene el objetivo fundacional de contribuir a la paz y a la seguridad en el mundo mediante la educaci&oacute;n, la ciencia y la [&hellip;]<\/p>\n","protected":false},"author":1,"featured_media":0,"comment_status":"open","ping_status":"open","sticky":false,"template":"","format":"standard","meta":{"_et_pb_use_builder":"","_et_pb_old_content":"","_et_gb_content_width":"","footnotes":""},"categories":[1],"tags":[],"class_list":["post-539","post","type-post","status-publish","format-standard","hentry","category-uncategorized"],"_links":{"self":[{"href":"https:\/\/cejc-madrid.org\/index.php\/wp-json\/wp\/v2\/posts\/539","targetHints":{"allow":["GET"]}}],"collection":[{"href":"https:\/\/cejc-madrid.org\/index.php\/wp-json\/wp\/v2\/posts"}],"about":[{"href":"https:\/\/cejc-madrid.org\/index.php\/wp-json\/wp\/v2\/types\/post"}],"author":[{"embeddable":true,"href":"https:\/\/cejc-madrid.org\/index.php\/wp-json\/wp\/v2\/users\/1"}],"replies":[{"embeddable":true,"href":"https:\/\/cejc-madrid.org\/index.php\/wp-json\/wp\/v2\/comments?post=539"}],"version-history":[{"count":0,"href":"https:\/\/cejc-madrid.org\/index.php\/wp-json\/wp\/v2\/posts\/539\/revisions"}],"wp:attachment":[{"href":"https:\/\/cejc-madrid.org\/index.php\/wp-json\/wp\/v2\/media?parent=539"}],"wp:term":[{"taxonomy":"category","embeddable":true,"href":"https:\/\/cejc-madrid.org\/index.php\/wp-json\/wp\/v2\/categories?post=539"},{"taxonomy":"post_tag","embeddable":true,"href":"https:\/\/cejc-madrid.org\/index.php\/wp-json\/wp\/v2\/tags?post=539"}],"curies":[{"name":"wp","href":"https:\/\/api.w.org\/{rel}","templated":true}]}}