{"id":552,"date":"2017-10-25T09:31:56","date_gmt":"2017-10-25T09:31:56","guid":{"rendered":"https:\/\/upbeat-goodall.82-223-35-84.plesk.page\/index.php\/2017\/10\/25\/jornada-de-relaciones-interconfesionales\/"},"modified":"2017-10-25T09:31:56","modified_gmt":"2017-10-25T09:31:56","slug":"jornada-de-relaciones-interconfesionales","status":"publish","type":"post","link":"https:\/\/cejc-madrid.org\/index.php\/2017\/10\/25\/jornada-de-relaciones-interconfesionales\/","title":{"rendered":"XXVII Jornadas de Relaciones Interconfesionales"},"content":{"rendered":"<p style=\"text-align: justify;\">Como todos los a\u00f1os, la Conferencia Episcopal espa\u00f1ola celebra unas jornadas para los delegados diocesanos y directores de los secretariados de relaciones interconfesionales. Este a\u00f1o han llevado por t\u00edtulo <strong>\u201cTemas actuales del di\u00e1logo interreligioso. El di\u00e1logo con el juda\u00edsmo\u201d, <\/strong>y han tenido lugar los pasados d\u00edas 23, 24 y 25 de octubre.<\/p>\n<p style=\"text-align: justify;\">El martes 24 de octubre se abord\u00f3 la perspectiva cristiana y jud\u00eda de ese di\u00e1logo judeo-cristiano, y se cont\u00f3 con la presencia final de <strong>P. Norbert Hofmann<\/strong>, Secretario de la Pontificia Comisi\u00f3n para las Relaciones con el Juda\u00edsmo, quien explic\u00f3 el funcionamiento y labores de dicha Comisi\u00f3n.<\/p>\n<p style=\"text-align: justify;\">La jornada comenz\u00f3 con la intervenci\u00f3n del <strong>Dr. Elio Passeto<\/strong>, Director del Instituto Ratisbonne de Jerusalem, y Director de Estudios de nuestro Centro, quien elabor\u00f3 una disertaci\u00f3n profunda sobre la evoluci\u00f3n de la Iglesia Cat\u00f3lica en su relaci\u00f3n con el juda\u00edsmo, la cual calific\u00f3 de intr\u00ednseca, pues es connatural a su propia esencia. As\u00ed, afirm\u00f3 que profundizando en el di\u00e1logo judeo-cristiano <em>\u201c<span style=\"text-decoration: underline;\">la Iglesia se est\u00e1 recuperando de una enfermedad interna, que es el olvido de sus ra\u00edces<\/span>\u201d<\/em>. Nuestros socios podr\u00e1n disponer de la intervenci\u00f3n de Dr. Elio Passeto cuando sea publicada en nuestra revista EL OLIVO<\/p>\n<p style=\"text-align: justify;\">Del mismo modo, <strong>D. Isaac Querub<\/strong>, Presidente de la Federaci\u00f3n de Comunidades Jud\u00edas de Espa\u00f1a, ofreci\u00f3 un discurso en el que valor\u00f3 los sustanciales cambios producidos en la Iglesia Cat\u00f3lica en su relaci\u00f3n con el pueblo jud\u00edo y el juda\u00edsmo. Partiendo del doloroso pasado de los siglos precedentes para terminar en el macabro punto de inflexi\u00f3n que result\u00f3 ser la Shoah, el presidente de la FCJE se mostr\u00f3 dispuesto a emprender nuevas fases en el di\u00e1logo judeo-cristiano en nuestro pa\u00eds, proponiendo la creaci\u00f3n de una comisi\u00f3n mixta que pueda avanzar en temas comunes y proporcionar un clima de entendimiento entre ambas confesiones. Tambi\u00e9n resalt\u00f3 la necesidad de ese di\u00e1logo para luchar contra el relativismo moral y el extremismo islamista que hostigan nuestra sociedad.<\/p>\n<p style=\"text-align: justify;\">Por su inter\u00e9s adjuntamos la intervenci\u00f3n de D. Isaac Querub ante la Conferencia Episcopal Espa\u00f1ola.<\/p>\n<p>{gallery}fotos_jornadas{\/gallery}<\/p>\n","protected":false},"excerpt":{"rendered":"<p>Como todos los a\u00f1os, la Conferencia Episcopal espa\u00f1ola celebra unas jornadas para los delegados diocesanos y directores de los secretariados de relaciones interconfesionales. Este a\u00f1o han llevado por t\u00edtulo \u201cTemas actuales del di\u00e1logo interreligioso. El di\u00e1logo con el juda\u00edsmo\u201d, y han tenido lugar los pasados d\u00edas 23, 24 y 25 de octubre. El martes 24 [&hellip;]<\/p>\n","protected":false},"author":1,"featured_media":0,"comment_status":"open","ping_status":"open","sticky":false,"template":"","format":"standard","meta":{"_et_pb_use_builder":"","_et_pb_old_content":"","_et_gb_content_width":"","footnotes":""},"categories":[1],"tags":[],"class_list":["post-552","post","type-post","status-publish","format-standard","hentry","category-uncategorized"],"_links":{"self":[{"href":"https:\/\/cejc-madrid.org\/index.php\/wp-json\/wp\/v2\/posts\/552","targetHints":{"allow":["GET"]}}],"collection":[{"href":"https:\/\/cejc-madrid.org\/index.php\/wp-json\/wp\/v2\/posts"}],"about":[{"href":"https:\/\/cejc-madrid.org\/index.php\/wp-json\/wp\/v2\/types\/post"}],"author":[{"embeddable":true,"href":"https:\/\/cejc-madrid.org\/index.php\/wp-json\/wp\/v2\/users\/1"}],"replies":[{"embeddable":true,"href":"https:\/\/cejc-madrid.org\/index.php\/wp-json\/wp\/v2\/comments?post=552"}],"version-history":[{"count":0,"href":"https:\/\/cejc-madrid.org\/index.php\/wp-json\/wp\/v2\/posts\/552\/revisions"}],"wp:attachment":[{"href":"https:\/\/cejc-madrid.org\/index.php\/wp-json\/wp\/v2\/media?parent=552"}],"wp:term":[{"taxonomy":"category","embeddable":true,"href":"https:\/\/cejc-madrid.org\/index.php\/wp-json\/wp\/v2\/categories?post=552"},{"taxonomy":"post_tag","embeddable":true,"href":"https:\/\/cejc-madrid.org\/index.php\/wp-json\/wp\/v2\/tags?post=552"}],"curies":[{"name":"wp","href":"https:\/\/api.w.org\/{rel}","templated":true}]}}