{"id":553,"date":"2017-10-25T16:23:44","date_gmt":"2017-10-25T16:23:44","guid":{"rendered":"https:\/\/upbeat-goodall.82-223-35-84.plesk.page\/index.php\/2017\/10\/25\/apertura-del-curso-2017-2018-la-religion-fuente-de-extremismos-una-perspectiva-judeo-cristiana\/"},"modified":"2017-10-25T16:23:44","modified_gmt":"2017-10-25T16:23:44","slug":"apertura-del-curso-2017-2018-la-religion-fuente-de-extremismos-una-perspectiva-judeo-cristiana","status":"publish","type":"post","link":"https:\/\/cejc-madrid.org\/index.php\/2017\/10\/25\/apertura-del-curso-2017-2018-la-religion-fuente-de-extremismos-una-perspectiva-judeo-cristiana\/","title":{"rendered":"Apertura del Curso 2017-2018: \u00abLa religi\u00f3n, \u00bffuente de extremismos?: una perspectiva judeo-cristiana"},"content":{"rendered":"<p>&nbsp;<\/p>\n<p>El pasado martes 24 de octubre tuvo lugar la Apertura del Curso 2017-2018 del CEJC en la Universidad Pontificia Comillas bajo la presidencia del <strong>Cardenal Arzobispo de Madrid, Mons. Carlos Osoro<\/strong> y el Rector de la Universidad <strong>D. Julio Lu\u00eds Mart\u00ednez Mart\u00ednez, SJ<\/strong>. La lecci\u00f3n magistral corri\u00f3 a cargo del <strong>Dr. Florentino Portero<\/strong>, Director del Instituto de Pol\u00edtica Internacional (UFV) bajo el t\u00edtulo \u201cEl extremismo religioso como una amenaza para la religi\u00f3n\u201d.<\/p>\n<p>Durante su ponencia el profesor Portero analiz\u00f3 brevemente los or\u00edgenes antropol\u00f3gicos de la religi\u00f3n, y profundiz\u00f3 sobre las dificultades para reconocer a un extremista de un creyente fiel de una religi\u00f3n. La lecci\u00f3n destac\u00f3 por su rigor y despert\u00f3 una ovaci\u00f3n cerrada de la sala. Nuestros socios podr\u00e1n disfrutar de la ponencia \u00edntegra, pues ser\u00e1 publicada en 2018 en nuestra revista EL OLIVO.<\/p>\n<p>Tambi\u00e9n intervinieron en nombre del CEJC <strong>D\u00aa Mayte Rodr\u00edguez, Directora Ejecutiva<\/strong>, quien present\u00f3 el nuevo curso, puntualizando que se necesita una \u00ab<em>visi\u00f3n reflexiva, alejada de estereotipos<\/em>\u00bb sobre el extremismo pues se trata de \u00ab<em>algo con lo que la historia de las civilizaciones ha tenido que lidiar en muchos momentos del pasado, y del que tr\u00e1gicamente aun no nos hemos librado<\/em>\u00ab.&nbsp; A continuaci\u00f3n, tom\u00f3 la palabra el <strong>Padre Manuel Gonz\u00e1lez L\u00f3pez Corps, nuevo Director del CEJC<\/strong> en sustici\u00f3n de Monse\u00f1or Isa\u00edas Barroso, para quien toda la mesa de presidencia tuvo afectuosas palabras en honor de su trabajo realizado durante todos estos a\u00f1os.<\/p>\n<p>Asismismo, <strong>D. Isaac Querub<\/strong>, Presidente de la Federaci\u00f3n de Comunidades Jud\u00edas de Espa\u00f1a tuvo amables palabras de reconocimiento por la labor del CEJC, y pidi\u00f3 a la Iglesia que ayudar\u00e1 en su misi\u00f3n a nuestro Centro para que pudiera llegar su mensaje a m\u00e1s personas. Tambi\u00e9n valor\u00f3 la importancia del tema escogido para desarrollar en el curso, pues el extremismo \u00abes algo que nos toca muy de cerca\u00bb.<\/p>\n<p>Finalmente, el Cardenal Arzobispo de Madrid, Monse\u00f1or Carlos Osoro valor\u00f3&nbsp; la labor del Centro de Estudios Judeo-Cristianos, y mostr\u00f3 su intenci\u00f3n de seguir apoyando nuestro trabajo en la medida de sus posibilidades, lo cual el Centro agradece en toda su dimensi\u00f3n.<\/p>\n<p>Acompa\u00f1os una <span style=\"text-decoration: underline;\"><strong>galer\u00eda de fotos<\/strong><\/span> de nuestro acto.<\/p>\n<p>{gallery}aperturacomillas{\/gallery}<\/p>\n<p>&nbsp;<\/p>\n","protected":false},"excerpt":{"rendered":"<p>&nbsp; El pasado martes 24 de octubre tuvo lugar la Apertura del Curso 2017-2018 del CEJC en la Universidad Pontificia Comillas bajo la presidencia del Cardenal Arzobispo de Madrid, Mons. Carlos Osoro y el Rector de la Universidad D. Julio Lu\u00eds Mart\u00ednez Mart\u00ednez, SJ. La lecci\u00f3n magistral corri\u00f3 a cargo del Dr. Florentino Portero, Director [&hellip;]<\/p>\n","protected":false},"author":1,"featured_media":0,"comment_status":"open","ping_status":"open","sticky":false,"template":"","format":"standard","meta":{"_et_pb_use_builder":"","_et_pb_old_content":"","_et_gb_content_width":"","footnotes":""},"categories":[1],"tags":[157,159,133,93,161,160,132,158],"class_list":["post-553","post","type-post","status-publish","format-standard","hentry","category-uncategorized","tag-cardenal","tag-cejc","tag-cristianos","tag-dialogo","tag-extremismo","tag-islam","tag-judios","tag-querub"],"_links":{"self":[{"href":"https:\/\/cejc-madrid.org\/index.php\/wp-json\/wp\/v2\/posts\/553","targetHints":{"allow":["GET"]}}],"collection":[{"href":"https:\/\/cejc-madrid.org\/index.php\/wp-json\/wp\/v2\/posts"}],"about":[{"href":"https:\/\/cejc-madrid.org\/index.php\/wp-json\/wp\/v2\/types\/post"}],"author":[{"embeddable":true,"href":"https:\/\/cejc-madrid.org\/index.php\/wp-json\/wp\/v2\/users\/1"}],"replies":[{"embeddable":true,"href":"https:\/\/cejc-madrid.org\/index.php\/wp-json\/wp\/v2\/comments?post=553"}],"version-history":[{"count":0,"href":"https:\/\/cejc-madrid.org\/index.php\/wp-json\/wp\/v2\/posts\/553\/revisions"}],"wp:attachment":[{"href":"https:\/\/cejc-madrid.org\/index.php\/wp-json\/wp\/v2\/media?parent=553"}],"wp:term":[{"taxonomy":"category","embeddable":true,"href":"https:\/\/cejc-madrid.org\/index.php\/wp-json\/wp\/v2\/categories?post=553"},{"taxonomy":"post_tag","embeddable":true,"href":"https:\/\/cejc-madrid.org\/index.php\/wp-json\/wp\/v2\/tags?post=553"}],"curies":[{"name":"wp","href":"https:\/\/api.w.org\/{rel}","templated":true}]}}