{"id":555,"date":"2018-04-11T09:49:37","date_gmt":"2018-04-11T09:49:37","guid":{"rendered":"https:\/\/upbeat-goodall.82-223-35-84.plesk.page\/index.php\/2018\/04\/11\/olivo-n-82\/"},"modified":"2018-04-11T09:49:37","modified_gmt":"2018-04-11T09:49:37","slug":"olivo-n-82","status":"publish","type":"post","link":"https:\/\/cejc-madrid.org\/index.php\/2018\/04\/11\/olivo-n-82\/","title":{"rendered":"OLIVO N\u00ba 82"},"content":{"rendered":"<p>Julio &#8211; Diciembre 2015<\/p>\n<p><strong>&nbsp;<\/strong><strong>Para recuerdo y testimonio del profesor Carlos Carrete Parrondo<\/strong> &#8211; Francisco Javier Fern\u00e1ndez Vallina &#8211; Director de El Olivo<\/p>\n<p><strong>&nbsp;<\/strong><strong>Carlos Carrete Parrondo: <em>In Memoriam<\/em> <\/strong>&#8211; Elio Passeto, nds &#8211; Instituto Ratisbonne-Jerusal\u00e9n-Israel<\/p>\n<p><strong>&nbsp;<\/strong><strong>El juda\u00edsmo hispano medieval, \u00bfuna minor\u00eda religiosa \u201csilenciada\u201d?<\/strong> &#8211; M\u00aa Fuencisla Garc\u00eda Casar &#8211; Universidad de Salamanca<\/p>\n<p><strong>&nbsp;<\/strong><strong>Hebra\u00edsmo Hisp\u00e1nico, \u00bfuna historia del pasado?<\/strong> &#8211; Ricardo Mu\u00f1oz Solla &#8211; Universidad de Salamanca<\/p>\n<p><strong>&nbsp;<\/strong><strong>Juda\u00edsmo b\u00e1sico<\/strong> &#8211; Luis F. Gir\u00f3n Blanc &#8211; Universidad Complutense de Madrid<\/p>\n<p><strong>&nbsp;<\/strong><strong>Las tres inscripciones arameas de Barrakkab pertenecientes al arameo oficial<\/strong> &#8211; Efrem Yildiz &#8211; Universidad de Salamanca<\/p>\n<p><strong>&nbsp;<\/strong><strong>Disensiones en el est\u00e1ndar del hebreo moderno<\/strong> &#8211; Manuel Nevor Navarro &#8211; Universidad de Salamanca<\/p>\n<p><strong>\u201c\u00a1Eh, durmiente! No te amodorres\u201d: Una <em>\u015beli\u1e25ah<\/em> de Yehudah ha-Lev\u00ed para las vigilias de <em>\u2019Elul<\/em><\/strong> &#8211; Mar\u00eda Isabel P\u00e9rez Alonso &#8211; Universidad de Salamanca<\/p>\n<p><strong>&nbsp;<\/strong><strong>El lamento hebreo (<em>q\u00een\u0101h<\/em>) por un miembro destacado de la comunidad hispanojud\u00eda en un texto epigr\u00e1fico funerario medieval<\/strong> &#8211; Isabel Mata L\u00f3pez &#8211; Universidad de Salamanca<\/p>\n","protected":false},"excerpt":{"rendered":"<p>Julio &#8211; Diciembre 2015 &nbsp;Para recuerdo y testimonio del profesor Carlos Carrete Parrondo &#8211; Francisco Javier Fern\u00e1ndez Vallina &#8211; Director de El Olivo &nbsp;Carlos Carrete Parrondo: In Memoriam &#8211; Elio Passeto, nds &#8211; Instituto Ratisbonne-Jerusal\u00e9n-Israel &nbsp;El juda\u00edsmo hispano medieval, \u00bfuna minor\u00eda religiosa \u201csilenciada\u201d? &#8211; M\u00aa Fuencisla Garc\u00eda Casar &#8211; Universidad de Salamanca &nbsp;Hebra\u00edsmo Hisp\u00e1nico, \u00bfuna [&hellip;]<\/p>\n","protected":false},"author":1,"featured_media":0,"comment_status":"open","ping_status":"open","sticky":false,"template":"","format":"standard","meta":{"_et_pb_use_builder":"","_et_pb_old_content":"","_et_gb_content_width":"","footnotes":""},"categories":[25],"tags":[165,164,162,51,163],"class_list":["post-555","post","type-post","status-publish","format-standard","hentry","category-revista-qel-olivoq","tag-arameo","tag-barrakkab","tag-carlos-carrete-parrondo","tag-hebreo","tag-judaismo-hispano-medieval"],"_links":{"self":[{"href":"https:\/\/cejc-madrid.org\/index.php\/wp-json\/wp\/v2\/posts\/555","targetHints":{"allow":["GET"]}}],"collection":[{"href":"https:\/\/cejc-madrid.org\/index.php\/wp-json\/wp\/v2\/posts"}],"about":[{"href":"https:\/\/cejc-madrid.org\/index.php\/wp-json\/wp\/v2\/types\/post"}],"author":[{"embeddable":true,"href":"https:\/\/cejc-madrid.org\/index.php\/wp-json\/wp\/v2\/users\/1"}],"replies":[{"embeddable":true,"href":"https:\/\/cejc-madrid.org\/index.php\/wp-json\/wp\/v2\/comments?post=555"}],"version-history":[{"count":0,"href":"https:\/\/cejc-madrid.org\/index.php\/wp-json\/wp\/v2\/posts\/555\/revisions"}],"wp:attachment":[{"href":"https:\/\/cejc-madrid.org\/index.php\/wp-json\/wp\/v2\/media?parent=555"}],"wp:term":[{"taxonomy":"category","embeddable":true,"href":"https:\/\/cejc-madrid.org\/index.php\/wp-json\/wp\/v2\/categories?post=555"},{"taxonomy":"post_tag","embeddable":true,"href":"https:\/\/cejc-madrid.org\/index.php\/wp-json\/wp\/v2\/tags?post=555"}],"curies":[{"name":"wp","href":"https:\/\/api.w.org\/{rel}","templated":true}]}}