{"id":556,"date":"2018-04-11T10:01:07","date_gmt":"2018-04-11T10:01:07","guid":{"rendered":"https:\/\/upbeat-goodall.82-223-35-84.plesk.page\/index.php\/2018\/04\/11\/olivo-n-83\/"},"modified":"2018-04-11T10:01:07","modified_gmt":"2018-04-11T10:01:07","slug":"olivo-n-83","status":"publish","type":"post","link":"https:\/\/cejc-madrid.org\/index.php\/2018\/04\/11\/olivo-n-83\/","title":{"rendered":"OLIVO N\u00ba 83"},"content":{"rendered":"<p>Enero &#8211; Junio 2016<\/p>\n<p><strong>El Nuevo Testamento, un texto jud\u00edo<\/strong> &#8211; Luis Vegas Montaner &#8211; Universidad Complutense de Madrid<\/p>\n<p><strong>La <em>Gram\u00e1tica hebrea te\u00f3rico-pr\u00e1ctica<\/em> de Blas Go\u00f1i y Juan Labayen (1919): Aportaciones al estudio de las lenguas b\u00edblicas en Espa\u00f1a a principios del siglo XX<\/strong> &#8211; Vega Mar\u00eda garc\u00eda Gonz\u00e1lez &#8211; Universidad de Salamanca<\/p>\n<p><strong>La memoria de la <em>Shoah<\/em> en la sociedad israel\u00ed ayer y hoy<\/strong> &#8211; Elio Passeto, nds &#8211; Instituto Ratisbonne-Jerusal\u00e9n-Israel<\/p>\n<p><strong>La Shoah. Una reflexi\u00f3n \u00e9tica desde la Medicina<\/strong> &#8211; Esteban Gonz\u00e1lez-L\u00f3pez &#8211; Facultad de Medicina, Universidad Aut\u00f3noma de Madrid<\/p>\n<p><strong>El nazismo a juicio<\/strong> &#8211; Marina Lara Rodr\u00edguez &#8211; Centro de Estudios Judeo-Cristianos<\/p>\n<p><strong>El perd\u00f3n despu\u00e9s de la <em>Shoah<\/em><\/strong> &#8211; Ver\u00f3nica Nehama &#8211; Colegio Ibn Gabirol<\/p>\n<p><strong>Educar en la Memoria<\/strong> &#8211; Juan Francisco Rodr\u00edguez S\u00e1nchez &#8211; Universidad de Comillas<\/p>\n<p><em>Cr\u00edtica bibliogr\u00e1fica<\/em>:<\/p>\n<p>Gordana Kui\u0107, <strong><em>El olor de la lluvia en los Balcanes<\/em><\/strong>, Madrid, Editorial Funambulista, 2015 &#8211; Martina Granizo Aranda<\/p>\n","protected":false},"excerpt":{"rendered":"<p>Enero &#8211; Junio 2016 El Nuevo Testamento, un texto jud\u00edo &#8211; Luis Vegas Montaner &#8211; Universidad Complutense de Madrid La Gram\u00e1tica hebrea te\u00f3rico-pr\u00e1ctica de Blas Go\u00f1i y Juan Labayen (1919): Aportaciones al estudio de las lenguas b\u00edblicas en Espa\u00f1a a principios del siglo XX &#8211; Vega Mar\u00eda garc\u00eda Gonz\u00e1lez &#8211; Universidad de Salamanca La memoria [&hellip;]<\/p>\n","protected":false},"author":1,"featured_media":0,"comment_status":"open","ping_status":"open","sticky":false,"template":"","format":"standard","meta":{"_et_pb_use_builder":"","_et_pb_old_content":"","_et_gb_content_width":"","footnotes":""},"categories":[25],"tags":[167,169,168,116,166],"class_list":["post-556","post","type-post","status-publish","format-standard","hentry","category-revista-qel-olivoq","tag-gramatica-hebrea","tag-memoria","tag-nazismo-a-juicio","tag-shoah","tag-texto-judio"],"_links":{"self":[{"href":"https:\/\/cejc-madrid.org\/index.php\/wp-json\/wp\/v2\/posts\/556","targetHints":{"allow":["GET"]}}],"collection":[{"href":"https:\/\/cejc-madrid.org\/index.php\/wp-json\/wp\/v2\/posts"}],"about":[{"href":"https:\/\/cejc-madrid.org\/index.php\/wp-json\/wp\/v2\/types\/post"}],"author":[{"embeddable":true,"href":"https:\/\/cejc-madrid.org\/index.php\/wp-json\/wp\/v2\/users\/1"}],"replies":[{"embeddable":true,"href":"https:\/\/cejc-madrid.org\/index.php\/wp-json\/wp\/v2\/comments?post=556"}],"version-history":[{"count":0,"href":"https:\/\/cejc-madrid.org\/index.php\/wp-json\/wp\/v2\/posts\/556\/revisions"}],"wp:attachment":[{"href":"https:\/\/cejc-madrid.org\/index.php\/wp-json\/wp\/v2\/media?parent=556"}],"wp:term":[{"taxonomy":"category","embeddable":true,"href":"https:\/\/cejc-madrid.org\/index.php\/wp-json\/wp\/v2\/categories?post=556"},{"taxonomy":"post_tag","embeddable":true,"href":"https:\/\/cejc-madrid.org\/index.php\/wp-json\/wp\/v2\/tags?post=556"}],"curies":[{"name":"wp","href":"https:\/\/api.w.org\/{rel}","templated":true}]}}