{"id":559,"date":"2018-04-17T07:51:01","date_gmt":"2018-04-17T07:51:01","guid":{"rendered":"https:\/\/upbeat-goodall.82-223-35-84.plesk.page\/index.php\/2018\/04\/17\/circular-n-211-octubre-diciembre-2017-3\/"},"modified":"2024-11-27T16:42:55","modified_gmt":"2024-11-27T16:42:55","slug":"circular-n-211-octubre-diciembre-2017-3","status":"publish","type":"post","link":"https:\/\/cejc-madrid.org\/index.php\/2018\/04\/17\/circular-n-211-octubre-diciembre-2017-3\/","title":{"rendered":"Circular n\u00ba 211 Octubre-Diciembre 2017"},"content":{"rendered":"<p>La circular de este trimestre se acerca a los siguientes temas:<\/p>\n<ul>\n<li>El CEJC inaugura su Curso Acad\u00e9mico 2017\/2018.<\/li>\n<li>Participaci\u00f3n del CEJC en las XXVII Jornadas de Relaciones Interconfesionales: El di\u00e1logo con el Juda\u00edsmo.<\/li>\n<li>El Padre \u00c1ngel recibe el Premio Maim\u00f3nides de la Universidad de Tel Aviv.<\/li>\n<li>Irak e Ir\u00e1n rechazaron la ayuda israel\u00ed tras el terremoto.<\/li>\n<li>Scholas re\u00fane en Jerusalem a estudiantes y universidades de los cinco continentes.<\/li>\n<li>El Papa subastar\u00e1 su nuevo Lamborghini.<\/li>\n<li>70\u00ba Aniversario de la Conferencia de Seelisberg.<\/li>\n<li>Una compa\u00f1\u00eda israel\u00ed presenta una revolucionaria c\u00f3rnea artificial.<\/li>\n<li>Se descubre un tesoro lituano que arroja nueva luz sobre la vida de los jud\u00edos de Europa.<\/li>\n<li>La foto de la \u201cpol\u00e9mica\u201d: Miss Israel y Miss Irak posaron juntas.<\/li>\n<li>El Estado Isl\u00e1mico llam\u00f3 a atacar al Vaticano en Navidad.<\/li>\n<li>Francia cede a Marruecos documentos sobre su comunidad jud\u00eda.<\/li>\n<li>Celebraci\u00f3n doble en Bet El: Entrega del Sefer Tor\u00e1 y 25\u00ba Aniversario de la Comunidad.<\/li>\n<li>Visita de Estado del Presidente de Israel Reuven Rivlin a Espa\u00f1a.<\/li>\n<li>Netanyahu: \u201cIsrael no tiene mejores amigos en el mundo que las comunidades cristianas\u201d.<\/li>\n<\/ul>\n<p>Noticias del Centro.<\/p>\n","protected":false},"excerpt":{"rendered":"<p>La circular de este trimestre se acerca a los siguientes temas: El CEJC inaugura su Curso Acad\u00e9mico 2017\/2018. Participaci\u00f3n del CEJC en las XXVII Jornadas de Relaciones Interconfesionales: El di\u00e1logo con el Juda\u00edsmo. El Padre \u00c1ngel recibe el Premio Maim\u00f3nides de la Universidad de Tel Aviv. Irak e Ir\u00e1n rechazaron la ayuda israel\u00ed tras el [&hellip;]<\/p>\n","protected":false},"author":1,"featured_media":2568,"comment_status":"open","ping_status":"open","sticky":false,"template":"","format":"standard","meta":{"_et_pb_use_builder":"","_et_pb_old_content":"","_et_gb_content_width":"","footnotes":""},"categories":[4],"tags":[],"class_list":["post-559","post","type-post","status-publish","format-standard","has-post-thumbnail","hentry","category-circular"],"_links":{"self":[{"href":"https:\/\/cejc-madrid.org\/index.php\/wp-json\/wp\/v2\/posts\/559","targetHints":{"allow":["GET"]}}],"collection":[{"href":"https:\/\/cejc-madrid.org\/index.php\/wp-json\/wp\/v2\/posts"}],"about":[{"href":"https:\/\/cejc-madrid.org\/index.php\/wp-json\/wp\/v2\/types\/post"}],"author":[{"embeddable":true,"href":"https:\/\/cejc-madrid.org\/index.php\/wp-json\/wp\/v2\/users\/1"}],"replies":[{"embeddable":true,"href":"https:\/\/cejc-madrid.org\/index.php\/wp-json\/wp\/v2\/comments?post=559"}],"version-history":[{"count":1,"href":"https:\/\/cejc-madrid.org\/index.php\/wp-json\/wp\/v2\/posts\/559\/revisions"}],"predecessor-version":[{"id":2569,"href":"https:\/\/cejc-madrid.org\/index.php\/wp-json\/wp\/v2\/posts\/559\/revisions\/2569"}],"wp:featuredmedia":[{"embeddable":true,"href":"https:\/\/cejc-madrid.org\/index.php\/wp-json\/wp\/v2\/media\/2568"}],"wp:attachment":[{"href":"https:\/\/cejc-madrid.org\/index.php\/wp-json\/wp\/v2\/media?parent=559"}],"wp:term":[{"taxonomy":"category","embeddable":true,"href":"https:\/\/cejc-madrid.org\/index.php\/wp-json\/wp\/v2\/categories?post=559"},{"taxonomy":"post_tag","embeddable":true,"href":"https:\/\/cejc-madrid.org\/index.php\/wp-json\/wp\/v2\/tags?post=559"}],"curies":[{"name":"wp","href":"https:\/\/api.w.org\/{rel}","templated":true}]}}