{"id":560,"date":"2018-04-17T08:10:26","date_gmt":"2018-04-17T08:10:26","guid":{"rendered":"https:\/\/upbeat-goodall.82-223-35-84.plesk.page\/index.php\/2018\/04\/17\/circular-n-212-enero-marzo-2018-1\/"},"modified":"2024-11-27T16:42:09","modified_gmt":"2024-11-27T16:42:09","slug":"circular-n-212-enero-marzo-2018-1","status":"publish","type":"post","link":"https:\/\/cejc-madrid.org\/index.php\/2018\/04\/17\/circular-n-212-enero-marzo-2018-1\/","title":{"rendered":"Circular n\u00ba 212 Enero-Marzo 2018"},"content":{"rendered":"<p>La circular de este trimestre se acerca a los siguientes temas:<\/p>\n<ul>\n<li>Fiesta de Nuestra Se\u00f1ora de Si\u00f3n.<\/li>\n<li>Conmemoraci\u00f3n del D\u00eda Oficial de la Memoria del Holocausto.<\/li>\n<li>Papa Francisco: \u201cEl enemigo en la lucha contra el antisemitismo es la indiferencia\u201d.<\/li>\n<li>Descubren en una cueva de Israel un maxilar fosilizado del Homo sapiens m\u00e1s antiguo hallado fuera de \u00c1frica.<\/li>\n<li>Madrid inaugura la exposici\u00f3n mundial sobre Auschwitz.<\/li>\n<li>Comienza la construcci\u00f3n del espacio mixto de rezo en el Kotel.<\/li>\n<li>Un ministro de Israel denuncia un \u201cdram\u00e1tico aumento del antisemitismo\u201d.<\/li>\n<li>Una \u2018startup\u2019 israel\u00ed ayudar\u00e1 a los m\u00e9dicos a evaluar el accidente cerebrovascular.<\/li>\n<li>Arque\u00f3logos descubren la Menor\u00e1h en monedas de los inicios del periodo isl\u00e1mico.<\/li>\n<li>Pintadas antisemitas en la antigua sinagoga de Barcelona.<\/li>\n<li>Cristianos, jud\u00edos y musulmanes piden respeto para los sentimientos religiosos.<\/li>\n<li>Reflexiones sobre la Shoah en colegios de Madrid.<\/li>\n<li>Noticias del Centro.<\/li>\n<\/ul>\n","protected":false},"excerpt":{"rendered":"<p>La circular de este trimestre se acerca a los siguientes temas: Fiesta de Nuestra Se\u00f1ora de Si\u00f3n. Conmemoraci\u00f3n del D\u00eda Oficial de la Memoria del Holocausto. Papa Francisco: \u201cEl enemigo en la lucha contra el antisemitismo es la indiferencia\u201d. Descubren en una cueva de Israel un maxilar fosilizado del Homo sapiens m\u00e1s antiguo hallado fuera [&hellip;]<\/p>\n","protected":false},"author":1,"featured_media":2566,"comment_status":"open","ping_status":"open","sticky":false,"template":"","format":"standard","meta":{"_et_pb_use_builder":"","_et_pb_old_content":"","_et_gb_content_width":"","footnotes":""},"categories":[4],"tags":[],"class_list":["post-560","post","type-post","status-publish","format-standard","has-post-thumbnail","hentry","category-circular"],"_links":{"self":[{"href":"https:\/\/cejc-madrid.org\/index.php\/wp-json\/wp\/v2\/posts\/560","targetHints":{"allow":["GET"]}}],"collection":[{"href":"https:\/\/cejc-madrid.org\/index.php\/wp-json\/wp\/v2\/posts"}],"about":[{"href":"https:\/\/cejc-madrid.org\/index.php\/wp-json\/wp\/v2\/types\/post"}],"author":[{"embeddable":true,"href":"https:\/\/cejc-madrid.org\/index.php\/wp-json\/wp\/v2\/users\/1"}],"replies":[{"embeddable":true,"href":"https:\/\/cejc-madrid.org\/index.php\/wp-json\/wp\/v2\/comments?post=560"}],"version-history":[{"count":1,"href":"https:\/\/cejc-madrid.org\/index.php\/wp-json\/wp\/v2\/posts\/560\/revisions"}],"predecessor-version":[{"id":2567,"href":"https:\/\/cejc-madrid.org\/index.php\/wp-json\/wp\/v2\/posts\/560\/revisions\/2567"}],"wp:featuredmedia":[{"embeddable":true,"href":"https:\/\/cejc-madrid.org\/index.php\/wp-json\/wp\/v2\/media\/2566"}],"wp:attachment":[{"href":"https:\/\/cejc-madrid.org\/index.php\/wp-json\/wp\/v2\/media?parent=560"}],"wp:term":[{"taxonomy":"category","embeddable":true,"href":"https:\/\/cejc-madrid.org\/index.php\/wp-json\/wp\/v2\/categories?post=560"},{"taxonomy":"post_tag","embeddable":true,"href":"https:\/\/cejc-madrid.org\/index.php\/wp-json\/wp\/v2\/tags?post=560"}],"curies":[{"name":"wp","href":"https:\/\/api.w.org\/{rel}","templated":true}]}}