{"id":561,"date":"2018-06-27T09:59:38","date_gmt":"2018-06-27T09:59:38","guid":{"rendered":"https:\/\/upbeat-goodall.82-223-35-84.plesk.page\/index.php\/2018\/06\/27\/circular-n-213-abril-junio-2018\/"},"modified":"2024-11-27T16:41:26","modified_gmt":"2024-11-27T16:41:26","slug":"circular-n-213-abril-junio-2018","status":"publish","type":"post","link":"https:\/\/cejc-madrid.org\/index.php\/2018\/06\/27\/circular-n-213-abril-junio-2018\/","title":{"rendered":"Circular n\u00ba 213 Abril-Junio 2018"},"content":{"rendered":"<p>La circular de este trimestre se acerca a los siguientes temas:<\/p>\n<ul>\n<li>El CEJC clausura su Curso Acad\u00e9mico 2017\/2018.<\/li>\n<li>El Ministerio de Educaci\u00f3n y la FCJE firman un convenio hist\u00f3rico para luchar contra el antisemitismo.<\/li>\n<li>Pablo VI y \u00d3scar Romero ser\u00e1n santos.<\/li>\n<li>La incre\u00edble vida de Eliezer Ben-Yehuda, el padre del hebreo moderno.<\/li>\n<li>La Cruz Roja holandesa pide perd\u00f3n por no asistir a jud\u00edos durante la Shoah.<\/li>\n<li>\u00bfQu\u00e9 dicen los manuscritos del Mar Muerto sobre No\u00e9 y el diluvio?<\/li>\n<li>Una familia cristiana asesinada en Pakist\u00e1n al tiempo que Boko Haram ataca en Nigeria.<\/li>\n<li>Los huesos crecen en un laboratorio de Haifa.<\/li>\n<li>Alemania bajo el lema \u201ctodos con kip\u00e1\u201d.<\/li>\n<li>Hallada una antigua Hagad\u00e1 de P\u00e9saj egipcia del Siglo XI.<\/li>\n<li>Comunicado conjunto de las confesiones religiosas en Espa\u00f1a ante las ofensas a los sentimientos religiosos.<\/li>\n<li>La ONG israel\u00ed que ayuda a millones de africanos.<\/li>\n<li>Fallece a los 107 a\u00f1os el profesor holand\u00e9s que salv\u00f3 a 600 ni\u00f1os durante la ocupaci\u00f3n nazi.<\/li>\n<li>Nueva esperanza para los pacientes con ELA.<\/li>\n<li>Castell\u00f3n quiere dedicar un jard\u00edn vertical a los Justos en su plaza Mayor.<\/li>\n<li>Confraternidad Judeo-Cristiana del Uruguay, 60 aniversario.<\/li>\n<li>Amparo Alba, nombrada Catedr\u00e1tica de Filolog\u00eda de la UCM.<\/li>\n<li>Noticias del Centro.<\/li>\n<\/ul>\n","protected":false},"excerpt":{"rendered":"<p>La circular de este trimestre se acerca a los siguientes temas: El CEJC clausura su Curso Acad\u00e9mico 2017\/2018. El Ministerio de Educaci\u00f3n y la FCJE firman un convenio hist\u00f3rico para luchar contra el antisemitismo. Pablo VI y \u00d3scar Romero ser\u00e1n santos. La incre\u00edble vida de Eliezer Ben-Yehuda, el padre del hebreo moderno. La Cruz Roja [&hellip;]<\/p>\n","protected":false},"author":1,"featured_media":2564,"comment_status":"open","ping_status":"open","sticky":false,"template":"","format":"standard","meta":{"_et_pb_use_builder":"","_et_pb_old_content":"","_et_gb_content_width":"","footnotes":""},"categories":[4],"tags":[178,179,180],"class_list":["post-561","post","type-post","status-publish","format-standard","has-post-thumbnail","hentry","category-circular","tag-amistad-judeo-cristiana","tag-dialogo-interreligioso","tag-pasado-serfardi"],"_links":{"self":[{"href":"https:\/\/cejc-madrid.org\/index.php\/wp-json\/wp\/v2\/posts\/561","targetHints":{"allow":["GET"]}}],"collection":[{"href":"https:\/\/cejc-madrid.org\/index.php\/wp-json\/wp\/v2\/posts"}],"about":[{"href":"https:\/\/cejc-madrid.org\/index.php\/wp-json\/wp\/v2\/types\/post"}],"author":[{"embeddable":true,"href":"https:\/\/cejc-madrid.org\/index.php\/wp-json\/wp\/v2\/users\/1"}],"replies":[{"embeddable":true,"href":"https:\/\/cejc-madrid.org\/index.php\/wp-json\/wp\/v2\/comments?post=561"}],"version-history":[{"count":1,"href":"https:\/\/cejc-madrid.org\/index.php\/wp-json\/wp\/v2\/posts\/561\/revisions"}],"predecessor-version":[{"id":2565,"href":"https:\/\/cejc-madrid.org\/index.php\/wp-json\/wp\/v2\/posts\/561\/revisions\/2565"}],"wp:featuredmedia":[{"embeddable":true,"href":"https:\/\/cejc-madrid.org\/index.php\/wp-json\/wp\/v2\/media\/2564"}],"wp:attachment":[{"href":"https:\/\/cejc-madrid.org\/index.php\/wp-json\/wp\/v2\/media?parent=561"}],"wp:term":[{"taxonomy":"category","embeddable":true,"href":"https:\/\/cejc-madrid.org\/index.php\/wp-json\/wp\/v2\/categories?post=561"},{"taxonomy":"post_tag","embeddable":true,"href":"https:\/\/cejc-madrid.org\/index.php\/wp-json\/wp\/v2\/tags?post=561"}],"curies":[{"name":"wp","href":"https:\/\/api.w.org\/{rel}","templated":true}]}}