{"id":562,"date":"2018-06-27T10:09:39","date_gmt":"2018-06-27T10:09:39","guid":{"rendered":"https:\/\/upbeat-goodall.82-223-35-84.plesk.page\/index.php\/2018\/06\/27\/olivo-n-87\/"},"modified":"2018-06-27T10:09:39","modified_gmt":"2018-06-27T10:09:39","slug":"olivo-n-87","status":"publish","type":"post","link":"https:\/\/cejc-madrid.org\/index.php\/2018\/06\/27\/olivo-n-87\/","title":{"rendered":"OLIVO N\u00ba 87"},"content":{"rendered":"<p>Enero &#8211; Junio 2018<\/p>\n<p><strong>Cristianos y jud\u00edos a lo largo de la Edad Media hispana: Una relaci\u00f3n de coexistencia y persecuci\u00f3n<\/strong> &#8211; Enrique Cantera Montenegro &#8211; UNED<\/p>\n<p><strong>Abraham ibn Ezra o el saber errante<\/strong> &#8211; Mariano G\u00f3mez Aranda &#8211; Madrid, CSIC<\/p>\n<p><strong>El extremismo religioso como amenaza a la religi\u00f3n<\/strong> &#8211; Florentino Portero &#8211; Universidad Francisco de Vitoria<\/p>\n<p><strong>Tolerancia y religi\u00f3n<\/strong> &#8211; Manuel Reyes Mate &#8211; Madrid, CSIC<\/p>\n<p><strong>La interpretaci\u00f3n jud\u00eda de las posiciones extremistas en la Biblia<\/strong> &#8211; Rabino Moshe Bendahan &#8211; Presidente del Consejo Rab\u00ednico de Espa\u00f1a<\/p>\n<p><strong>La escritura memorable<\/strong>: Selecci\u00f3n de textos a cargo de Javier Fern\u00e1ndez Vallina y Luis Vegas Montaner.<\/p>\n","protected":false},"excerpt":{"rendered":"<p>Enero &#8211; Junio 2018 Cristianos y jud\u00edos a lo largo de la Edad Media hispana: Una relaci\u00f3n de coexistencia y persecuci\u00f3n &#8211; Enrique Cantera Montenegro &#8211; UNED Abraham ibn Ezra o el saber errante &#8211; Mariano G\u00f3mez Aranda &#8211; Madrid, CSIC El extremismo religioso como amenaza a la religi\u00f3n &#8211; Florentino Portero &#8211; Universidad Francisco [&hellip;]<\/p>\n","protected":false},"author":1,"featured_media":0,"comment_status":"open","ping_status":"open","sticky":false,"template":"","format":"standard","meta":{"_et_pb_use_builder":"","_et_pb_old_content":"","_et_gb_content_width":"","footnotes":""},"categories":[25],"tags":[178,179],"class_list":["post-562","post","type-post","status-publish","format-standard","hentry","category-revista-qel-olivoq","tag-amistad-judeo-cristiana","tag-dialogo-interreligioso"],"_links":{"self":[{"href":"https:\/\/cejc-madrid.org\/index.php\/wp-json\/wp\/v2\/posts\/562","targetHints":{"allow":["GET"]}}],"collection":[{"href":"https:\/\/cejc-madrid.org\/index.php\/wp-json\/wp\/v2\/posts"}],"about":[{"href":"https:\/\/cejc-madrid.org\/index.php\/wp-json\/wp\/v2\/types\/post"}],"author":[{"embeddable":true,"href":"https:\/\/cejc-madrid.org\/index.php\/wp-json\/wp\/v2\/users\/1"}],"replies":[{"embeddable":true,"href":"https:\/\/cejc-madrid.org\/index.php\/wp-json\/wp\/v2\/comments?post=562"}],"version-history":[{"count":0,"href":"https:\/\/cejc-madrid.org\/index.php\/wp-json\/wp\/v2\/posts\/562\/revisions"}],"wp:attachment":[{"href":"https:\/\/cejc-madrid.org\/index.php\/wp-json\/wp\/v2\/media?parent=562"}],"wp:term":[{"taxonomy":"category","embeddable":true,"href":"https:\/\/cejc-madrid.org\/index.php\/wp-json\/wp\/v2\/categories?post=562"},{"taxonomy":"post_tag","embeddable":true,"href":"https:\/\/cejc-madrid.org\/index.php\/wp-json\/wp\/v2\/tags?post=562"}],"curies":[{"name":"wp","href":"https:\/\/api.w.org\/{rel}","templated":true}]}}