{"id":563,"date":"2018-07-06T10:06:13","date_gmt":"2018-07-06T10:06:13","guid":{"rendered":"https:\/\/upbeat-goodall.82-223-35-84.plesk.page\/index.php\/2018\/07\/06\/excursion-fin-de-curso-del-cejc-a-ubeda-y-jaen-2\/"},"modified":"2024-11-14T11:43:03","modified_gmt":"2024-11-14T11:43:03","slug":"excursion-fin-de-curso-del-cejc-a-ubeda-y-jaen-2","status":"publish","type":"post","link":"https:\/\/cejc-madrid.org\/index.php\/2018\/07\/06\/excursion-fin-de-curso-del-cejc-a-ubeda-y-jaen-2\/","title":{"rendered":"Excursi\u00f3n fin de curso del CEJC a \u00dabeda y Ja\u00e9n"},"content":{"rendered":"<p>El pasado fin de semana del 21 y 22 de abril, el CEJC organiz\u00f3 su tradicional salida de fin de curso, que este a\u00f1o tuvo por destino <strong>\u00dabeda y Ja\u00e9n. <\/strong><\/p>\n<p>Un grupo de socios y amigos madrugamos el s\u00e1bado para dirigirnos juntos en autob\u00fas hasta <strong>\u00dabeda<\/strong>, <strong>ciudad Patrimonio de la Humanidad<\/strong>, y probablemente la m\u00e1s longeva de Europa Occidental, pues las \u00faltimas investigaciones le conceden 6.000 a\u00f1os de antig\u00fcedad. Poco despu\u00e9s de llegar pudimos degustar la gastronom\u00eda local, y a continuaci\u00f3n nos recogi\u00f3 nuestro gu\u00eda para recorrer la ciudad en un agradable paseo en el que pudimos disfrutar de la vista de los se\u00f1oriales palacios renacentistas de la nobleza andaluza hasta llegar a la <strong>Iglesia de San Pablo<\/strong>, de origen visigodo, y donde confluyen el estilo rom\u00e1nico, g\u00f3tico isabelino y plateresco. Desde all\u00ed nos encaminamos hacia el <strong>Museo Oratorio de San Juan de la Cruz<\/strong>, de puro estilo barroco y que alberga diversas reliquias y el primer sepulcro del Santo, y <strong>la Sinagoga del Agua<\/strong>, espl\u00e9ndidamente conservada y que data seg\u00fan los estudios con anterioridad al siglo XIV, y en la que se conserva un <em>mikv\u00e9<\/em> (ba\u00f1o ritual). Para finalizar la tarde visitamos <strong>la Sacra Capilla del Salvador<\/strong>, que disfruta de un magn\u00edfico conjunto escult\u00f3rico obra de Diego de Silo\u00e9, y continuamos nuestro viaje hacia Ja\u00e9n para pasar la noche.<\/p>\n<p>Ja\u00e9n amaneci\u00f3 muy soleada, en un d\u00eda ideal para recorrer las empinadas calles del casco viejo de la ciudad. Pudimos pasear por su Juder\u00eda y visitamos los Ba\u00f1os \u00c1rabes, espl\u00e9ndidamente conservados para acabar visitando la <strong>Catedral de la Asunci\u00f3n de la Virgen<\/strong>, una de las obras m\u00e1s importantes del Renacimiento Espa\u00f1ol, con su grandiosa fachada principal ya propia del Barroco, y su imponente coro neocl\u00e1sico.<\/p>\n<p>Poco antes de comer, tuvimos el honor de ser recibidos en el Ayuntamiento por la Teniente Alcalde de Ja\u00e9n, D\u00aa Reyes Chamorro, quien en nombre del Alcalde nos dio la bienvenida a su bella ciudad. La Directora Ejecutiva del CEJC, D\u00aa Mayte Rodr\u00edguez, pronunci\u00f3 unas palabras de agradecimiento a tan cordial acogida y entreg\u00f3 unos ejemplares de nuestra revista EL OLIVO, lo que supuso unas cuantas sonrisas por cuanto es el s\u00edmbolo de una ciudad que se erige como la cuna del aceite de oliva. Por ello, el Ayuntamiento obsequi\u00f3 a todos los asistentes con una lata de un exquisito aceite de oliva virgen extra y unos recuerdos culturales de la ciudad. Seguidamente, nos recibi\u00f3 el Obispo de Ja\u00e9n, Monse\u00f1or Rodriguez Magro, junto con el Vicario de la Di\u00f3cesis, con quien compartimos un momento entra\u00f1able. Ambas recepciones fueron obra de la labor de D. Erik Dom\u00ednguez, Presidente de la Asociaci\u00f3n Cultural Andaluc\u00eda-Israel y buen amigo de nuestro Centro.<\/p>\n<p>Despu\u00e9s de la comida, un breve de tiempo de reposo, continuamos nuestro viaje de regreso a Madrid, tras disfrutar de dos d\u00edas de alegre convivencia donde profundizamos, un a\u00f1o m\u00e1s, en el conocimiento de las juder\u00edas espa\u00f1olas y del pasado sefard\u00ed de nuestro pa\u00eds, <strong>del que tan orgullosos nos sentimos<\/strong>.<\/p>\n<p>{gallery}jaenubeda{\/gallery}<\/p>\n","protected":false},"excerpt":{"rendered":"<p>El pasado fin de semana del 21 y 22 de abril, el CEJC organiz\u00f3 su tradicional salida de fin de curso, que este a\u00f1o tuvo por destino \u00dabeda y Ja\u00e9n. Un grupo de socios y amigos madrugamos el s\u00e1bado para dirigirnos juntos en autob\u00fas hasta \u00dabeda, ciudad Patrimonio de la Humanidad, y probablemente la m\u00e1s [&hellip;]<\/p>\n","protected":false},"author":1,"featured_media":0,"comment_status":"open","ping_status":"open","sticky":false,"template":"","format":"standard","meta":{"_et_pb_use_builder":"","_et_pb_old_content":"","_et_gb_content_width":"","footnotes":""},"categories":[1,5,6],"tags":[178,182],"class_list":["post-563","post","type-post","status-publish","format-standard","hentry","category-uncategorized","category-viajes","category-viajes-a-juderias","tag-amistad-judeo-cristiana","tag-pasado-sefardi"],"_links":{"self":[{"href":"https:\/\/cejc-madrid.org\/index.php\/wp-json\/wp\/v2\/posts\/563","targetHints":{"allow":["GET"]}}],"collection":[{"href":"https:\/\/cejc-madrid.org\/index.php\/wp-json\/wp\/v2\/posts"}],"about":[{"href":"https:\/\/cejc-madrid.org\/index.php\/wp-json\/wp\/v2\/types\/post"}],"author":[{"embeddable":true,"href":"https:\/\/cejc-madrid.org\/index.php\/wp-json\/wp\/v2\/users\/1"}],"replies":[{"embeddable":true,"href":"https:\/\/cejc-madrid.org\/index.php\/wp-json\/wp\/v2\/comments?post=563"}],"version-history":[{"count":1,"href":"https:\/\/cejc-madrid.org\/index.php\/wp-json\/wp\/v2\/posts\/563\/revisions"}],"predecessor-version":[{"id":2457,"href":"https:\/\/cejc-madrid.org\/index.php\/wp-json\/wp\/v2\/posts\/563\/revisions\/2457"}],"wp:attachment":[{"href":"https:\/\/cejc-madrid.org\/index.php\/wp-json\/wp\/v2\/media?parent=563"}],"wp:term":[{"taxonomy":"category","embeddable":true,"href":"https:\/\/cejc-madrid.org\/index.php\/wp-json\/wp\/v2\/categories?post=563"},{"taxonomy":"post_tag","embeddable":true,"href":"https:\/\/cejc-madrid.org\/index.php\/wp-json\/wp\/v2\/tags?post=563"}],"curies":[{"name":"wp","href":"https:\/\/api.w.org\/{rel}","templated":true}]}}