{"id":564,"date":"2018-07-06T10:23:49","date_gmt":"2018-07-06T10:23:49","guid":{"rendered":"https:\/\/upbeat-goodall.82-223-35-84.plesk.page\/index.php\/2018\/07\/06\/clausura-del-curso-academico-2017-2018-del-cejc\/"},"modified":"2018-07-06T10:23:49","modified_gmt":"2018-07-06T10:23:49","slug":"clausura-del-curso-academico-2017-2018-del-cejc","status":"publish","type":"post","link":"https:\/\/cejc-madrid.org\/index.php\/2018\/07\/06\/clausura-del-curso-academico-2017-2018-del-cejc\/","title":{"rendered":"Clausura del Curso Acad\u00e9mico 2017\/2018 del CEJC"},"content":{"rendered":"<article class=\"clearbreak\">\n<h1 style=\"font-family: Arial, Helvetica, sans-serif; font-size: 10px; font-style: normal; line-height: normal; font-weight: normal; font-variant: normal;\"><span style=\"font-size: 10pt; font-family: arial, helvetica, sans-serif;\">El Centro de Estudios Judeo-Cristianos clausur\u00f3 el pasado 24 de mayo su curso acad\u00e9mico 2017\/2018, en un acto presidido por el Arzobispo em\u00e9rito de Sevilla, Excmo. y Rvdmo. Sr. D. Carlos Amigo, y que reuni\u00f3 a casi 100 personas en la parroquia de San Juan Cris\u00f3stomo como cierre del ciclo anual de conferencias, que en esta ocasi\u00f3n gir\u00f3 en torno al tema \u201cLa religi\u00f3n, \u00bffuente de extremismos? Una perspectiva Judeo-Cristiana\u201d, y en cuyo marco tuvo lugar una mesa redonda sobre \u201c<em>La responsabilidad de jud\u00edos y cristianos buscando la paz en un mundo en conflicto<\/em>\u201d, a cargo del Dr. Elio Passeto, Director del Instituto Ratisbonne de Jerusalem, y de Rav. Moshe Bendahan, Presidente del Consejo Rab\u00ednico de Espa\u00f1a.<\/span><\/h1>\n<h1 style=\"font-family: Arial, Helvetica, sans-serif; font-size: 10px; font-style: normal; line-height: normal; font-weight: normal; font-variant: normal;\"><span style=\"font-size: 10pt; font-family: arial, helvetica, sans-serif;\">El Director del CEJC, D. Manuel Gonz\u00e1lez L\u00f3pez-Corps, pronunci\u00f3 las palabras de bienvenida a todos los asistentes y present\u00f3 a los ponentes. D\u00aa Mayte Rodr\u00edguez de Lara, Directora Ejecutiva, hizo balance del a\u00f1o concluido y anticip\u00f3 el tema general que inspirar\u00e1 el pr\u00f3ximo a\u00f1o 2018\/2019 (m\u00e1s detalles en p\u00e1gs. 15 y 16).<\/span><\/h1>\n<p style=\"font-family: Arial, Helvetica, sans-serif; font-size: 10px; font-style: normal; line-height: normal; font-weight: normal; font-variant: normal;\"><span style=\"font-size: 10pt; font-family: arial, helvetica, sans-serif;\">El <strong>Dr. Elio Passeto<\/strong> incidi\u00f3 en los v\u00ednculos entre ambas confesiones, afirmando que la Iglesia sintoniza con el mundo jud\u00edo \u2014a partir de Nostra Aetate\u2014, pero muchos cristianos a\u00fan no participan de esta realidad. Igualmente afirm\u00f3: \u201c<em>Hoy el mundo est\u00e1 en conflicto no por causa de los jud\u00edos ni de los cristianos. Ambos pueblos estamos llamados a ser testigos de la paz. Si Israel es LUZ para las naciones, los cristianos somos las NACIONES. Juntos debemos conseguir la PAZ en el mundo y la desaparici\u00f3n de las abominaciones que lo pueblan<\/em>\u201d.<\/span><\/p>\n<p style=\"font-family: Arial, Helvetica, sans-serif; font-size: 10px; font-style: normal; line-height: normal; font-weight: normal; font-variant: normal;\"><span style=\"font-size: 10pt; font-family: arial, helvetica, sans-serif;\"><strong>Rav. Moshe Bendahan<\/strong>, por su parte, dedic\u00f3 su discurso a profundizar en el concepto de la paz y cu\u00e1l es el camino para lograrla. Indic\u00f3 que, a lo largo de toda la historia de la humanidad, lo com\u00fan a cualquier \u00e9poca ha sido el conflicto y no la paz. Sin embargo, afirm\u00f3 que aunque esto pueda hacernos pensar que es una utop\u00eda, el juda\u00edsmo sostiene que el mundo camina a su reparaci\u00f3n. Finalmente se expres\u00f3 as\u00ed: \u201c<em>Es importante educar al ser humano para que no se rebele ni contra Dios ni contra el hombre. Hay que sembrar la semilla del amor en nuestros corazones. Hay que seguir sembrando semillas de amor, que son las que generan la Paz, la Justicia y la Verdad en el mundo. El problema consiste en que no puede haber Paz fuera si no la hay dentro de cada uno. Para proyectarla hacia afuera, hay que tenerla dentro<\/em>\u201d.<\/span><\/p>\n<h1 style=\"font-family: Arial, Helvetica, sans-serif; font-size: 10px; font-style: normal; line-height: normal; font-weight: normal; font-variant: normal;\"><span style=\"font-size: 10pt; font-family: arial, helvetica, sans-serif;\">Tras la entrega de diplomas a los alumnos, Monse\u00f1or Carlos Amigo pronunci\u00f3 las palabras finales, destacando la importancia del di\u00e1logo, que no es otra cosa que \u201c<em>meterse uno en la piel del otro. Para nosotros los cristianos, el juda\u00edsmo es una ra\u00edz sagrada y tenemos que mantener un di\u00e1logo entre creyentes alto y fuerte, que no debemos esconder, que queremos que se nos note que creemos en Dios y que en ese di\u00e1logo nos miramos, amamos y escuchamos. La Paz no es s\u00f3lo la ausencia de conflictos; es AMOR<\/em>\u201d.<\/span><\/h1>\n<p style=\"font-family: Arial, Helvetica, sans-serif; font-size: 10px; font-style: normal; line-height: normal; font-weight: normal; font-variant: normal;\"><span style=\"font-size: 10pt; font-family: arial, helvetica, sans-serif;\">Al acto asistieron el Rector Magn\u00edfico de la Universidad Eclesi\u00e1stica San D\u00e1maso, D. Javier Prades; el Presidente de la Comunidad Jud\u00eda de Madrid, D. Le\u00f3n Benelbas; el Secretario para el di\u00e1logo interreligioso de la Conferencia Episcopal, D. Manuel Barrios; la Agregada Cultural de la Embajada de Hungr\u00eda, D\u00aa Kinga \u00c1gnes G. Nagy; la representante de la Embajada de Israel en Espa\u00f1a, D\u00aa Laura Garc\u00eda; el Presidente de Mensajeros de la Paz, Padre \u00c1ngel Garc\u00eda; D\u00aa Eva Benatar, miembro de la Junta Directiva de la CJM; el Gerente del Centro Sefarad-Israel, D. Ram\u00f3n de Albert; el Presidente de la Asociaci\u00f3n para el Estudio de la Doctrina Social de la Iglesia, D. Fernando Fern\u00e1ndez; el Arcipreste de la Iglesia Ortodoxa Rumana, D. Cristian M. Deac; el ex Director del CEJC, D. Isa\u00edas Barroso, y el concejal de Ayuntamiento de Madrid D. Ricardo Iglesias, entre otros.<\/span><\/p>\n<p>{gallery}clausura2018{\/gallery}<\/p>\n<\/article>\n","protected":false},"excerpt":{"rendered":"<p>El Centro de Estudios Judeo-Cristianos clausur\u00f3 el pasado 24 de mayo su curso acad\u00e9mico 2017\/2018, en un acto presidido por el Arzobispo em\u00e9rito de Sevilla, Excmo. y Rvdmo. Sr. D. Carlos Amigo, y que reuni\u00f3 a casi 100 personas en la parroquia de San Juan Cris\u00f3stomo como cierre del ciclo anual de conferencias, que en [&hellip;]<\/p>\n","protected":false},"author":1,"featured_media":0,"comment_status":"open","ping_status":"open","sticky":false,"template":"","format":"standard","meta":{"_et_pb_use_builder":"","_et_pb_old_content":"","_et_gb_content_width":"","footnotes":""},"categories":[1],"tags":[178,183],"class_list":["post-564","post","type-post","status-publish","format-standard","hentry","category-uncategorized","tag-amistad-judeo-cristiana","tag-estudios-biblicos"],"_links":{"self":[{"href":"https:\/\/cejc-madrid.org\/index.php\/wp-json\/wp\/v2\/posts\/564","targetHints":{"allow":["GET"]}}],"collection":[{"href":"https:\/\/cejc-madrid.org\/index.php\/wp-json\/wp\/v2\/posts"}],"about":[{"href":"https:\/\/cejc-madrid.org\/index.php\/wp-json\/wp\/v2\/types\/post"}],"author":[{"embeddable":true,"href":"https:\/\/cejc-madrid.org\/index.php\/wp-json\/wp\/v2\/users\/1"}],"replies":[{"embeddable":true,"href":"https:\/\/cejc-madrid.org\/index.php\/wp-json\/wp\/v2\/comments?post=564"}],"version-history":[{"count":0,"href":"https:\/\/cejc-madrid.org\/index.php\/wp-json\/wp\/v2\/posts\/564\/revisions"}],"wp:attachment":[{"href":"https:\/\/cejc-madrid.org\/index.php\/wp-json\/wp\/v2\/media?parent=564"}],"wp:term":[{"taxonomy":"category","embeddable":true,"href":"https:\/\/cejc-madrid.org\/index.php\/wp-json\/wp\/v2\/categories?post=564"},{"taxonomy":"post_tag","embeddable":true,"href":"https:\/\/cejc-madrid.org\/index.php\/wp-json\/wp\/v2\/tags?post=564"}],"curies":[{"name":"wp","href":"https:\/\/api.w.org\/{rel}","templated":true}]}}