{"id":566,"date":"2018-10-01T14:39:42","date_gmt":"2018-10-01T14:39:42","guid":{"rendered":"https:\/\/upbeat-goodall.82-223-35-84.plesk.page\/index.php\/2018\/10\/01\/curso-2018-2019\/"},"modified":"2024-11-14T11:59:01","modified_gmt":"2024-11-14T11:59:01","slug":"curso-2018-2019","status":"publish","type":"post","link":"https:\/\/cejc-madrid.org\/index.php\/2018\/10\/01\/curso-2018-2019\/","title":{"rendered":"Ciclo de Conferencias Curso 2018\/2019"},"content":{"rendered":"<p><img loading=\"lazy\" decoding=\"async\" class=\" size-full wp-image-565\" style=\"display: block; margin-left: auto; margin-right: auto;\" src=\"https:\/\/cejc-madrid.org\/wp-content\/uploads\/2018\/10\/Curso-18-19.jpg\" alt=\"Curso 18 19\" width=\"516\" height=\"621\" srcset=\"https:\/\/cejc-madrid.org\/wp-content\/uploads\/2018\/10\/Curso-18-19.jpg 516w, https:\/\/cejc-madrid.org\/wp-content\/uploads\/2018\/10\/Curso-18-19-480x578.jpg 480w\" sizes=\"(min-width: 0px) and (max-width: 480px) 480px, (min-width: 481px) 516px, 100vw\" \/><\/p>\n<p style=\"text-align: center;\"><span style=\"font-size: 16pt; font-family: Helvetica, sans-serif; color: #333399;\">\u00abGrandes personalidades jud\u00edas y cristianas a lo largo de la Historia\u00bb<\/span><\/p>\n<p>&nbsp;<\/p>\n<p style=\"margin-top: 0cm; margin-right: 0cm; margin-bottom: 6pt; text-align: justify; background-image: initial; background-attachment: initial; background-position: initial; background-repeat: initial;\"><strong><span style=\"font-family: Helvetica, sans-serif; color: #333333;\">Apertura del Curso<\/span><\/strong><span style=\"font-family: Helvetica, sans-serif; color: #333333;\">:<\/span><\/p>\n<p style=\"margin-top: 0cm; margin-right: 0cm; margin-bottom: 12pt; text-align: justify; background-image: initial; background-attachment: initial; background-position: initial; background-repeat: initial;\"><strong><span style=\"font-size: 11pt; font-family: Helvetica, sans-serif; color: #333333;\">LUNES 29 de octubre<\/span><\/strong><span style=\"font-size: 11pt; font-family: Helvetica, sans-serif; color: #333333;\">, a las 7,30 de la tarde<\/span><\/p>\n<p style=\"margin-top: 0cm; margin-right: 0cm; margin-bottom: 6pt; text-align: justify; background-image: initial; background-attachment: initial; background-position: initial; background-repeat: initial;\"><strong><span style=\"font-size: 14pt; color: #333333;\">Los personajes b\u00edblicos en la Historia y c\u00f3mo ense\u00f1ar la historia de los personajes b\u00edblicos<\/span><\/strong><\/p>\n<p style=\"margin-top: 0cm; margin-right: 0cm; margin-bottom: 6pt; text-align: justify; background-image: initial; background-attachment: initial; background-position: initial; background-repeat: initial;\"><strong><span style=\"font-size: 14pt; color: blue;\">Dr. Elio Passeto &#8211; Instituto Ratisbonne de Jerusalem<\/span><\/strong><\/p>\n<p style=\"margin-top: 0cm; margin-right: 0cm; margin-bottom: 6pt; background-image: initial; background-attachment: initial; background-position: initial; background-repeat: initial;\"><span style=\"color: maroon;\">Lugar: ser\u00e1 anunciado oportunamente<\/span><\/p>\n<p>&nbsp;<\/p>\n<p style=\"margin-top: 0cm; margin-right: 0cm; margin-bottom: 12pt; text-align: justify; background-image: initial; background-attachment: initial; background-position: initial; background-repeat: initial;\"><strong><span style=\"text-decoration: underline;\"><span style=\"color: #333333;\">NOVIEMBRE<\/span><\/span><\/strong><\/p>\n<p style=\"margin-top: 0cm; margin-right: 0cm; margin-bottom: 6pt; text-align: justify; background-image: initial; background-attachment: initial; background-position: initial; background-repeat: initial;\"><span style=\"font-size: 10pt; font-family: Helvetica, sans-serif; color: #333333;\">Mi\u00e9rcoles 7:<\/span><\/p>\n<p style=\"margin-top: 0cm; margin-right: 0cm; margin-bottom: 6pt; text-align: justify; background-image: initial; background-attachment: initial; background-position: initial; background-repeat: initial;\"><strong><span style=\"font-size: 14pt; color: #333333;\">Abraham. Nuestro Padre en la Fe<\/span><\/strong><\/p>\n<p style=\"margin-top: 0cm; margin-right: 0cm; margin-bottom: 6pt; text-align: justify; background-image: initial; background-attachment: initial; background-position: initial; background-repeat: initial;\"><em><span style=\"font-size: 14pt; color: blue;\">Dr. Jos\u00e9 Ram\u00f3n Busto &#8211; Universidad Pontificia Comillas<\/span><\/em><\/p>\n<p style=\"margin-top: 0cm; margin-right: 0cm; margin-bottom: 6pt; text-align: justify; background-image: initial; background-attachment: initial; background-position: initial; background-repeat: initial;\"><span style=\"font-size: 10pt; font-family: Helvetica, sans-serif; color: black;\">Mi\u00e9rcoles 14:<\/span><\/p>\n<p style=\"margin-top: 0cm; margin-right: 0cm; margin-bottom: 6pt; text-align: justify; background-image: initial; background-attachment: initial; background-position: initial; background-repeat: initial;\"><strong><span style=\"font-size: 14pt; color: black; background-image: initial; background-attachment: initial; background-position: initial; background-repeat: initial;\">Sara, Rebeca y Raquel: Mujeres de la promesa<\/span><\/strong><\/p>\n<p style=\"margin-top: 0cm; margin-right: 0cm; margin-bottom: 6pt; text-align: justify; background-image: initial; background-attachment: initial; background-position: initial; background-repeat: initial;\"><em><span style=\"font-size: 14pt; color: blue; background-image: initial; background-attachment: initial; background-position: initial; background-repeat: initial;\">Dra. Guadalupe Seijas &#8211; Universidad complutense<\/span><\/em><\/p>\n<p style=\"margin-top: 7.5pt; margin-right: 0cm; margin-bottom: 6pt; text-align: justify; background-image: initial; background-attachment: initial; background-position: initial; background-repeat: initial;\"><span style=\"font-size: 10pt; font-family: Helvetica, sans-serif; color: black;\">Mi\u00e9rcoles 21:<\/span><\/p>\n<p style=\"margin-top: 0cm; margin-right: 0cm; margin-bottom: 6pt; text-align: justify; background-image: initial; background-attachment: initial; background-position: initial; background-repeat: initial;\"><strong><span style=\"font-size: 14pt; color: black; background-image: initial; background-attachment: initial; background-position: initial; background-repeat: initial;\">Los valores de Isaac y Yaakob seg\u00fan la tradici\u00f3n jud\u00eda<\/span><\/strong><\/p>\n<p style=\"margin-top: 0cm; margin-right: 0cm; margin-bottom: 6pt; text-align: justify; background-image: initial; background-attachment: initial; background-position: initial; background-repeat: initial;\"><em><span style=\"font-size: 14pt; color: blue; background-image: initial; background-attachment: initial; background-position: initial; background-repeat: initial;\">Dra. Bracha Uziel Calder\u00f3n &#8211; Universidad Complutense<\/span><\/em><\/p>\n<p><span style=\"font-size: 10pt; font-family: Helvetica, sans-serif; color: black;\">Mi\u00e9rcoles 28:<\/span><\/p>\n<p><strong style=\"text-align: justify;\"><span style=\"font-size: 14pt; color: black; background-image: initial; background-attachment: initial; background-position: initial; background-repeat: initial;\">Mois\u00e9s y Aar\u00f3n<\/span><\/strong><\/p>\n<p><em><span style=\"font-size: 14pt; color: blue; background-image: initial; background-attachment: initial; background-position: initial; background-repeat: initial;\">Dr. Julio Trebolle &#8211; Universidad Complutense<\/span><\/em><\/p>\n<p>&nbsp;<\/p>\n<p style=\"margin-top: 0cm; margin-right: 0cm; margin-bottom: 12pt; text-align: justify; background-image: initial; background-attachment: initial; background-position: initial; background-repeat: initial;\"><strong><span style=\"text-decoration: underline;\"><span style=\"color: black; background-image: initial; background-attachment: initial; background-position: initial; background-repeat: initial;\">DICIEMBRE<\/span><\/span><\/strong><\/p>\n<p style=\"margin-top: 0cm; margin-right: 0cm; margin-bottom: 6pt; text-align: justify; background-image: initial; background-attachment: initial; background-position: initial; background-repeat: initial;\"><span style=\"font-size: 10pt; font-family: Helvetica, sans-serif; color: #333333;\">Mi\u00e9rcoles 5:<\/span><\/p>\n<p style=\"margin-top: 0cm; margin-right: 0cm; margin-bottom: 6pt; text-align: justify; background-image: initial; background-attachment: initial; background-position: initial; background-repeat: initial;\"><strong><span style=\"font-size: 14pt; color: #333333;\">El\u00edas: Profeta, heraldo y bienhechor&nbsp;<\/span><\/strong><\/p>\n<p style=\"margin-top: 0cm; margin-right: 0cm; margin-bottom: 6pt; text-align: justify; background-image: initial; background-attachment: initial; background-position: initial; background-repeat: initial;\"><em><span style=\"font-size: 14pt; color: blue;\">Dra. Amparo Alba &#8211; Universidad Complutense<\/span><\/em><\/p>\n<p style=\"margin-top: 0cm; margin-right: 0cm; margin-bottom: 6pt; text-align: justify; background-image: initial; background-attachment: initial; background-position: initial; background-repeat: initial;\"><span style=\"font-size: 10pt; font-family: Helvetica, sans-serif; color: #333333;\">Mi\u00e9rcoles 12:<\/span><\/p>\n<p style=\"margin-top: 0cm; margin-right: 0cm; margin-bottom: 6pt; text-align: justify; background-image: initial; background-attachment: initial; background-position: initial; background-repeat: initial;\"><strong><span style=\"font-size: 14pt; color: #333333;\">El profeta Samuel y el comienzo del reinado dentro del Pueblo de Israel<\/span><\/strong><\/p>\n<p style=\"margin-top: 0cm; margin-right: 0cm; margin-bottom: 6pt; text-align: justify; background-image: initial; background-attachment: initial; background-position: initial; background-repeat: initial;\"><em><span style=\"font-size: 14pt; color: blue;\">Rav. Moshe Bendahan &#8211; Presidente del Consejo Rab\u00ednico de Espa\u00f1a<\/span><\/em><\/p>\n<p style=\"margin-top: 0cm; margin-right: 0cm; margin-bottom: 6pt; text-align: justify; background-image: initial; background-attachment: initial; background-position: initial; background-repeat: initial;\"><span style=\"font-size: 10pt; font-family: Helvetica, sans-serif; color: #333333;\">Mi\u00e9rcoles 19:<\/span><\/p>\n<p style=\"margin-top: 0cm; margin-right: 0cm; margin-bottom: 6pt; text-align: justify; background-image: initial; background-attachment: initial; background-position: initial; background-repeat: initial;\"><strong><span style=\"font-size: 14pt; color: #333333;\">David: El rey pastor<\/span><\/strong><\/p>\n<p style=\"margin-top: 0cm; margin-right: 0cm; margin-bottom: 6pt; text-align: justify; background-image: initial; background-attachment: initial; background-position: initial; background-repeat: initial;\"><em><span style=\"font-size: 14pt; color: blue;\">Dra. Isabel P\u00e9rez Alonso &#8211; Universidad de Salamanca<\/span><\/em><\/p>\n<p style=\"margin-top: 0cm; margin-right: 0cm; margin-bottom: 6pt; text-align: justify; background-image: initial; background-attachment: initial; background-position: initial; background-repeat: initial;\">&nbsp;<\/p>\n<p style=\"margin-top: 0cm; margin-right: 0cm; margin-bottom: 12pt; text-align: justify; background-image: initial; background-attachment: initial; background-position: initial; background-repeat: initial;\"><strong><span style=\"text-decoration: underline;\"><span style=\"color: #333333;\">ENERO<\/span><\/span><\/strong><em><\/em><\/p>\n<p style=\"margin-top: 0cm; margin-right: 0cm; margin-bottom: 6pt; text-align: justify; background-image: initial; background-attachment: initial; background-position: initial; background-repeat: initial;\"><span style=\"font-size: 10pt; font-family: Helvetica, sans-serif; color: #333333;\">Mi\u00e9rcoles 16:<\/span><\/p>\n<p style=\"margin-top: 0cm; margin-right: 0cm; margin-bottom: 6pt; text-align: justify; background-image: initial; background-attachment: initial; background-position: initial; background-repeat: initial;\"><strong><span style=\"font-size: 14pt; color: #333333;\">Rut y D\u00e9bora, protagonistas de la Historia<\/span><\/strong><\/p>\n<p style=\"margin-top: 0cm; margin-right: 0cm; margin-bottom: 6pt; text-align: justify; background-image: initial; background-attachment: initial; background-position: initial; background-repeat: initial;\"><em><span style=\"font-size: 14pt; color: blue;\">Dra. Guadalupe Seijas &#8211; Universidad Complutense<\/span><\/em><\/p>\n<p style=\"margin-top: 0cm; margin-right: 0cm; margin-bottom: 6pt; text-align: justify; background-image: initial; background-attachment: initial; background-position: initial; background-repeat: initial;\"><span style=\"font-size: 10pt; font-family: Helvetica, sans-serif; color: #333333;\">Mi\u00e9rcoles 23:<\/span><\/p>\n<p style=\"margin-top: 0cm; margin-right: 0cm; margin-bottom: 6pt; text-align: justify; background-image: initial; background-attachment: initial; background-position: initial; background-repeat: initial;\"><strong><span style=\"font-size: 14pt; color: #333333;\">Cine F\u00f3rum: \u00abLa soluci\u00f3n final\u00bb<\/span><\/strong><\/p>\n<p style=\"margin-top: 0cm; margin-right: 0cm; margin-bottom: 6pt; text-align: justify; background-image: initial; background-attachment: initial; background-position: initial; background-repeat: initial;\"><em><span style=\"font-size: 14pt; color: blue;\">D\u00f1a. Marina Lara Rodr\u00edguez &#8211; CEJC<\/span><\/em><\/p>\n<p style=\"margin-top: 0cm; margin-right: 0cm; margin-bottom: 6pt; text-align: justify; background-image: initial; background-attachment: initial; background-position: initial; background-repeat: initial;\"><span style=\"font-size: 10pt; font-family: Helvetica, sans-serif; color: #333333;\">Mi\u00e9rcoles 30:<\/span><\/p>\n<p style=\"margin-top: 0cm; margin-right: 0cm; margin-bottom: 6pt; text-align: justify; background-image: initial; background-attachment: initial; background-position: initial; background-repeat: initial;\"><strong><span style=\"font-size: 14pt; color: #333333;\">Isa\u00edas: Su visi\u00f3n particular (Israel) y universal (naciones) en el plan de salvaci\u00f3n<\/span><\/strong><\/p>\n<p style=\"margin-top: 0cm; margin-right: 0cm; margin-bottom: 6pt; text-align: justify; background-image: initial; background-attachment: initial; background-position: initial; background-repeat: initial;\"><em><span style=\"font-size: 14pt; color: blue;\">D\u00f1a. Marta Garc\u00eda Fern\u00e1ndez &#8211; Universidad Pontificia Comillas<\/span><\/em><em><\/em><\/p>\n<p style=\"margin-top: 0cm; margin-right: 0cm; margin-bottom: 6pt; text-align: justify; background-image: initial; background-attachment: initial; background-position: initial; background-repeat: initial;\">&nbsp;<\/p>\n<p style=\"margin-top: 0cm; margin-right: 0cm; margin-bottom: 12pt; text-align: justify; background-image: initial; background-attachment: initial; background-position: initial; background-repeat: initial;\"><strong><span style=\"text-decoration: underline;\"><span style=\"color: #333333;\">FEBRERO<\/span><\/span><\/strong><em><\/em><\/p>\n<p style=\"margin-top: 0cm; margin-right: 0cm; margin-bottom: 6pt; text-align: justify; background-image: initial; background-attachment: initial; background-position: initial; background-repeat: initial;\"><span style=\"font-size: 10pt; font-family: Helvetica, sans-serif; color: #333333;\">Mi\u00e9rcoles 6:<\/span><\/p>\n<p style=\"margin-top: 0cm; margin-right: 0cm; margin-bottom: 6pt; text-align: justify; background-image: initial; background-attachment: initial; background-position: initial; background-repeat: initial;\"><strong><span style=\"font-size: 14pt; color: #333333;\">Jerem\u00edas, el profeta del exilio<\/span><\/strong><\/p>\n<p style=\"margin-top: 0cm; margin-right: 0cm; margin-bottom: 6pt; text-align: justify; background-image: initial; background-attachment: initial; background-position: initial; background-repeat: initial;\"><em><span style=\"font-size: 14pt; color: blue;\">Dra. Fuencisla Garc\u00eda Casar &#8211; Universidad de Salamanca<\/span><\/em><\/p>\n<p style=\"margin-top: 0cm; margin-right: 0cm; margin-bottom: 6pt; text-align: justify; background-image: initial; background-attachment: initial; background-position: initial; background-repeat: initial;\"><span style=\"font-size: 10pt; font-family: Helvetica, sans-serif; color: #333333;\">Mi\u00e9rcoles 13:<\/span><\/p>\n<p style=\"margin-top: 0cm; margin-right: 0cm; margin-bottom: 6pt; text-align: justify; background-image: initial; background-attachment: initial; background-position: initial; background-repeat: initial;\"><strong><span style=\"font-size: 14pt; color: #333333;\">Liderazgo en acci\u00f3n: Dos mujeres jud\u00edas: Esther y Judit<\/span><\/strong><\/p>\n<p style=\"margin-top: 0cm; margin-right: 0cm; margin-bottom: 6pt; text-align: justify; background-image: initial; background-attachment: initial; background-position: initial; background-repeat: initial;\"><em><span style=\"font-size: 14pt; color: blue;\">D\u00f1a<\/span><\/em><span style=\"font-size: 14pt; color: blue;\">. <em>Esther Bendahan&nbsp;&#8211; Centro Sefarad. Escritora<\/em><\/span><\/p>\n<p style=\"margin-top: 0cm; margin-right: 0cm; margin-bottom: 6pt; text-align: justify; background-image: initial; background-attachment: initial; background-position: initial; background-repeat: initial;\"><span style=\"font-size: 10pt; font-family: Helvetica, sans-serif; color: #333333;\">Mi\u00e9rcoles 20:<\/span><\/p>\n<p style=\"margin-top: 0cm; margin-right: 0cm; margin-bottom: 6pt; text-align: justify; background-image: initial; background-attachment: initial; background-position: initial; background-repeat: initial;\"><strong><span style=\"font-size: 14pt; color: #333333;\">Esdras y Nehem\u00edas: Nacimiento &#8211; Renacimiento del juda\u00edsmo<\/span><\/strong><\/p>\n<p style=\"margin-top: 0cm; margin-right: 0cm; margin-bottom: 6pt; text-align: justify; background-image: initial; background-attachment: initial; background-position: initial; background-repeat: initial;\"><em><span style=\"font-size: 14pt; color: blue;\">Dr. Donizeti Ribeiro &#8211; Superior NDS<\/span><\/em><\/p>\n<p style=\"margin-top: 0cm; margin-right: 0cm; margin-bottom: 6pt; text-align: justify; background-image: initial; background-attachment: initial; background-position: initial; background-repeat: initial;\"><span style=\"font-size: 10pt; font-family: Helvetica, sans-serif; color: #333333;\">Mi\u00e9rcoles 27:<\/span><\/p>\n<p style=\"margin-top: 0cm; margin-right: 0cm; margin-bottom: 6pt; text-align: justify; background-image: initial; background-attachment: initial; background-position: initial; background-repeat: initial;\"><strong><span style=\"font-size: 14pt; color: #333333;\">Los Padres del Juda\u00edsmo: Hil.lel &#8211; Gamliel &#8211; Aquiba<\/span><\/strong><\/p>\n<p style=\"margin-top: 0cm; margin-right: 0cm; margin-bottom: 6pt; text-align: justify; background-image: initial; background-attachment: initial; background-position: initial; background-repeat: initial;\"><em><span style=\"font-size: 14pt; color: blue;\">Dr. Luis F. Gir\u00f3n Blanc &#8211; Universidad Complutense<\/span><\/em><\/p>\n<p style=\"margin-top: 0cm; margin-right: 0cm; margin-bottom: 6pt; text-align: justify; background-image: initial; background-attachment: initial; background-position: initial; background-repeat: initial;\">&nbsp;<\/p>\n<p style=\"margin-top: 0cm; margin-right: 0cm; margin-bottom: 12pt; text-align: justify; background-image: initial; background-attachment: initial; background-position: initial; background-repeat: initial;\"><strong><span style=\"text-decoration: underline;\"><span style=\"color: #333333;\">MARZO<\/span><\/span><\/strong><\/p>\n<p style=\"margin-top: 0cm; margin-right: 0cm; margin-bottom: 6pt; text-align: justify; background-image: initial; background-attachment: initial; background-position: initial; background-repeat: initial;\"><span style=\"font-size: 10pt; font-family: Helvetica, sans-serif; color: #333333;\">Mi\u00e9rcoles 6:<\/span><\/p>\n<p style=\"margin-top: 0cm; margin-right: 0cm; margin-bottom: 6pt; text-align: justify; background-image: initial; background-attachment: initial; background-position: initial; background-repeat: initial;\"><strong><span style=\"font-size: 14pt; color: #333333;\">Enoc, viajero celeste y escriba de D&#8211;s&nbsp;<\/span><\/strong><\/p>\n<p style=\"margin-top: 0cm; margin-right: 0cm; margin-bottom: 6pt; text-align: justify; background-image: initial; background-attachment: initial; background-position: initial; background-repeat: initial;\"><em><span style=\"font-size: 14pt; color: blue;\">Dr. Luis Vegas Montaner &#8211; Universidad Complutense<\/span><\/em><\/p>\n<p style=\"margin-top: 0cm; margin-right: 0cm; margin-bottom: 6pt; text-align: justify; background-image: initial; background-attachment: initial; background-position: initial; background-repeat: initial;\"><span style=\"font-size: 10pt; font-family: Helvetica, sans-serif; color: #333333;\">Mi\u00e9rcoles 13:<\/span><\/p>\n<p style=\"margin-top: 0cm; margin-right: 0cm; margin-bottom: 6pt; text-align: justify; background-image: initial; background-attachment: initial; background-position: initial; background-repeat: initial;\"><strong><span style=\"font-size: 14pt; color: #333333;\">Daniel: Sue\u00f1os, sabidur\u00eda y Apocalipsis<\/span><\/strong><\/p>\n<p style=\"margin-top: 0cm; margin-right: 0cm; margin-bottom: 6pt; text-align: justify; background-image: initial; background-attachment: initial; background-position: initial; background-repeat: initial;\"><em><span style=\"font-size: 14pt; color: blue;\">Dr. Luis Vegas Montaner &#8211; Universidad Complutense<\/span><\/em><\/p>\n<p style=\"margin-top: 0cm; margin-right: 0cm; margin-bottom: 6pt; text-align: justify; background-image: initial; background-attachment: initial; background-position: initial; background-repeat: initial;\"><span style=\"font-size: 10pt; font-family: Helvetica, sans-serif; color: #333333;\">Mi\u00e9rcoles 20:<\/span><\/p>\n<p style=\"margin-top: 0cm; margin-right: 0cm; margin-bottom: 6pt; text-align: justify; background-image: initial; background-attachment: initial; background-position: initial; background-repeat: initial;\"><strong><span style=\"font-size: 14pt; color: #333333;\">\u00abEl martillo de D&#8211;s: La familia de los Macabeos\u00bb<\/span><\/strong><\/p>\n<p style=\"margin-top: 0cm; margin-right: 0cm; margin-bottom: 6pt; text-align: justify; background-image: initial; background-attachment: initial; background-position: initial; background-repeat: initial;\"><em><span style=\"font-size: 14pt; color: blue;\">Dra. Macarena Garc\u00eda Garc\u00eda&nbsp;<span style=\"font-size: 14pt; color: blue;\">&#8211; Universidad Complutense<\/span><em><\/em><\/span><\/em><\/p>\n<p style=\"margin-top: 0cm; margin-right: 0cm; margin-bottom: 6pt; text-align: justify; background-image: initial; background-attachment: initial; background-position: initial; background-repeat: initial;\"><span style=\"font-size: 10pt; font-family: Helvetica, sans-serif; color: #333333;\">Mi\u00e9rcoles 27:<\/span><\/p>\n<p style=\"margin-top: 0cm; margin-right: 0cm; margin-bottom: 6pt; text-align: justify; background-image: initial; background-attachment: initial; background-position: initial; background-repeat: initial;\"><strong><span style=\"font-size: 14pt; color: #333333;\">Herodes el Grande y Flavio Josefo: El contexto sociopol\u00edtico del Siglo I&nbsp;<\/span><\/strong><\/p>\n<p style=\"margin-top: 0cm; margin-right: 0cm; margin-bottom: 6pt; text-align: justify; background-image: initial; background-attachment: initial; background-position: initial; background-repeat: initial;\"><em><span style=\"font-size: 14pt; color: blue;\">Dra. Cayetana Johnson&nbsp;<span style=\"font-size: 14pt; color: blue;\">&#8211; Universidad San D\u00e1maso<\/span><em><\/em><\/span><\/em><\/p>\n<p style=\"margin-top: 0cm; margin-right: 0cm; margin-bottom: 6pt; text-align: justify; background-image: initial; background-attachment: initial; background-position: initial; background-repeat: initial;\">&nbsp;<\/p>\n<p style=\"margin-top: 0cm; margin-right: 0cm; margin-bottom: 12pt; text-align: justify; background-image: initial; background-attachment: initial; background-position: initial; background-repeat: initial;\"><strong><span style=\"text-decoration: underline;\"><span style=\"color: #333333;\">ABRIL<\/span><\/span><\/strong><\/p>\n<p style=\"margin-top: 0cm; margin-right: 0cm; margin-bottom: 6pt; text-align: justify; background-image: initial; background-attachment: initial; background-position: initial; background-repeat: initial;\"><span style=\"font-size: 10pt; font-family: Helvetica, sans-serif; color: #333333;\">Mi\u00e9rcoles 3:<\/span><\/p>\n<p style=\"margin-top: 0cm; margin-right: 0cm; margin-bottom: 6pt; text-align: justify; background-image: initial; background-attachment: initial; background-position: initial; background-repeat: initial;\"><strong><span style=\"font-size: 14pt; color: #333333;\">Juan Bautista y su contexto hist\u00f3rico<\/span><\/strong><\/p>\n<p style=\"margin-top: 0cm; margin-right: 0cm; margin-bottom: 6pt; text-align: justify; background-image: initial; background-attachment: initial; background-position: initial; background-repeat: initial;\"><em><span style=\"font-size: 14pt; color: blue;\">D. Mario Stofenmacher &#8211; Comunidad Jud\u00eda Bet-El<\/span><\/em><\/p>\n<p style=\"margin-top: 0cm; margin-right: 0cm; margin-bottom: 6pt; text-align: justify; background-image: initial; background-attachment: initial; background-position: initial; background-repeat: initial;\"><span style=\"font-size: 10pt; font-family: Helvetica, sans-serif; color: #333333;\">Mi\u00e9rcoles 10:<\/span><\/p>\n<p style=\"margin-top: 0cm; margin-right: 0cm; margin-bottom: 6pt; background-image: initial; background-attachment: initial; background-position: initial; background-repeat: initial;\"><strong><span style=\"font-size: 14pt; color: #333333;\">Fil\u00f3n de Alejandr\u00eda<\/span><\/strong><\/p>\n<p style=\"margin-top: 0cm; margin-right: 0cm; margin-bottom: 6pt; text-align: justify; background-image: initial; background-attachment: initial; background-position: initial; background-repeat: initial;\"><em><span style=\"font-size: 14pt; color: blue;\">Dr. F. Javier Fern\u00e1ndez Vallina &#8211; Universidad Complutense<\/span><\/em><\/p>\n<p style=\"margin-top: 0cm; margin-right: 0cm; margin-bottom: 6pt; text-align: justify; background-image: initial; background-attachment: initial; background-position: initial; background-repeat: initial;\">&nbsp;<\/p>\n<p style=\"margin-top: 0cm; margin-right: 0cm; margin-bottom: 12pt; text-align: justify; background-image: initial; background-attachment: initial; background-position: initial; background-repeat: initial;\"><strong><span style=\"text-decoration: underline;\"><span style=\"color: black;\">MAYO<\/span><\/span><\/strong><em><\/em><\/p>\n<p style=\"margin-top: 0cm; margin-right: 0cm; margin-bottom: 6pt; text-align: justify; background-image: initial; background-attachment: initial; background-position: initial; background-repeat: initial;\"><span style=\"font-size: 10pt; font-family: Helvetica, sans-serif; color: #333333;\">Mi\u00e9rcoles 8:<\/span><\/p>\n<p style=\"margin-top: 0cm; margin-right: 0cm; margin-bottom: 6pt; text-align: justify; background-image: initial; background-attachment: initial; background-position: initial; background-repeat: initial;\"><strong><span style=\"font-size: 14pt; color: #333333;\">Mar\u00eda, hija de Si\u00f3n<\/span><\/strong><\/p>\n<p style=\"margin-top: 0cm; margin-right: 0cm; margin-bottom: 6pt; text-align: justify; background-image: initial; background-attachment: initial; background-position: initial; background-repeat: initial;\"><em><span style=\"font-size: 14pt; color: blue;\">Dr. Manuel Gonz\u00e1lez L\u00f3pez-Corps &#8211; Universidad San D\u00e1maso<\/span><\/em><\/p>\n<p style=\"margin-top: 0cm; margin-right: 0cm; margin-bottom: 6pt; text-align: justify; background-image: initial; background-attachment: initial; background-position: initial; background-repeat: initial;\"><span style=\"font-size: 10pt; font-family: Helvetica, sans-serif; color: #333333;\">Mi\u00e9rcoles 22:<\/span><\/p>\n<p style=\"margin-top: 0cm; margin-right: 0cm; margin-bottom: 6pt; text-align: justify; background-image: initial; background-attachment: initial; background-position: initial; background-repeat: initial;\"><strong><span style=\"font-size: 14pt; color: #333333;\">Pablo: Una nueva perspectiva<\/span><\/strong><\/p>\n<p style=\"margin-top: 0cm; margin-right: 0cm; margin-bottom: 6pt; text-align: justify; background-image: initial; background-attachment: initial; background-position: initial; background-repeat: initial;\"><em><span style=\"font-size: 14pt; color: blue;\">Dr. Elio Passeto &#8211; Director Instituto Ratisbonne. Jerusalem<\/span><\/em><\/p>\n<p style=\"margin-top: 0cm; margin-right: 0cm; margin-bottom: 6pt; text-align: justify; background-image: initial; background-attachment: initial; background-position: initial; background-repeat: initial;\">&nbsp;<\/p>\n<p style=\"margin-top: 0cm; margin-right: 0cm; margin-bottom: 6pt; text-align: justify; background-image: initial; background-attachment: initial; background-position: initial; background-repeat: initial;\"><strong><span style=\"font-family: Helvetica, sans-serif; color: #333333;\">Clausura de Curso<\/span><\/strong><span style=\"font-family: Helvetica, sans-serif; color: #333333;\">:<\/span><\/p>\n<p style=\"margin-top: 0cm; margin-right: 0cm; margin-bottom: 12pt; text-align: justify; background-image: initial; background-attachment: initial; background-position: initial; background-repeat: initial;\"><strong><span style=\"font-size: 11pt; font-family: Helvetica, sans-serif; color: #333333;\">MI\u00c9RCOLES 29 de Mayo, <\/span><\/strong><span style=\"font-size: 11pt; font-family: Helvetica, sans-serif; color: #333333;\">a las 7,30 de la tarde<\/span><\/p>\n<p style=\"margin-top: 0cm; margin-right: 0cm; margin-bottom: 12pt; text-align: justify; background-image: initial; background-attachment: initial; background-position: initial; background-repeat: initial;\"><strong><span style=\"font-size: 14pt; color: #333333;\">Jes\u00fas el jud\u00edo, \u00bfqu\u00e9 modelo de Mes\u00edas?<\/span><\/strong><\/p>\n<p style=\"margin-top: 0cm; margin-right: 0cm; margin-bottom: 6pt; text-align: justify; background-image: initial; background-attachment: initial; background-position: initial; background-repeat: initial;\"><strong><span style=\"font-size: 14pt; color: blue;\">Dr. Rafael Aguirre Monasterio &#8211; Universidad de Deusto<\/span><\/strong><\/p>\n<p>Lugar: ser\u00e1 anunciado oportunamente<\/p>\n","protected":false},"excerpt":{"rendered":"<p>\u00abGrandes personalidades jud\u00edas y cristianas a lo largo de la Historia\u00bb &nbsp; Apertura del Curso: LUNES 29 de octubre, a las 7,30 de la tarde Los personajes b\u00edblicos en la Historia y c\u00f3mo ense\u00f1ar la historia de los personajes b\u00edblicos Dr. Elio Passeto &#8211; Instituto Ratisbonne de Jerusalem Lugar: ser\u00e1 anunciado oportunamente &nbsp; NOVIEMBRE Mi\u00e9rcoles [&hellip;]<\/p>\n","protected":false},"author":1,"featured_media":565,"comment_status":"open","ping_status":"open","sticky":false,"template":"","format":"standard","meta":{"_et_pb_use_builder":"","_et_pb_old_content":"","_et_gb_content_width":"","footnotes":""},"categories":[239],"tags":[184,179,185],"class_list":["post-566","post","type-post","status-publish","format-standard","has-post-thumbnail","hentry","category-conferencias","tag-aprendizaje-biblico","tag-dialogo-interreligioso","tag-ecumenismo"],"_links":{"self":[{"href":"https:\/\/cejc-madrid.org\/index.php\/wp-json\/wp\/v2\/posts\/566","targetHints":{"allow":["GET"]}}],"collection":[{"href":"https:\/\/cejc-madrid.org\/index.php\/wp-json\/wp\/v2\/posts"}],"about":[{"href":"https:\/\/cejc-madrid.org\/index.php\/wp-json\/wp\/v2\/types\/post"}],"author":[{"embeddable":true,"href":"https:\/\/cejc-madrid.org\/index.php\/wp-json\/wp\/v2\/users\/1"}],"replies":[{"embeddable":true,"href":"https:\/\/cejc-madrid.org\/index.php\/wp-json\/wp\/v2\/comments?post=566"}],"version-history":[{"count":1,"href":"https:\/\/cejc-madrid.org\/index.php\/wp-json\/wp\/v2\/posts\/566\/revisions"}],"predecessor-version":[{"id":2429,"href":"https:\/\/cejc-madrid.org\/index.php\/wp-json\/wp\/v2\/posts\/566\/revisions\/2429"}],"wp:featuredmedia":[{"embeddable":true,"href":"https:\/\/cejc-madrid.org\/index.php\/wp-json\/wp\/v2\/media\/565"}],"wp:attachment":[{"href":"https:\/\/cejc-madrid.org\/index.php\/wp-json\/wp\/v2\/media?parent=566"}],"wp:term":[{"taxonomy":"category","embeddable":true,"href":"https:\/\/cejc-madrid.org\/index.php\/wp-json\/wp\/v2\/categories?post=566"},{"taxonomy":"post_tag","embeddable":true,"href":"https:\/\/cejc-madrid.org\/index.php\/wp-json\/wp\/v2\/tags?post=566"}],"curies":[{"name":"wp","href":"https:\/\/api.w.org\/{rel}","templated":true}]}}