{"id":568,"date":"2018-11-05T16:50:58","date_gmt":"2018-11-05T16:50:58","guid":{"rendered":"https:\/\/upbeat-goodall.82-223-35-84.plesk.page\/index.php\/2018\/11\/05\/terrorismo-en-egipto-20-000-personas-rezan-con-el-papa-por-la-comunidad-copta\/"},"modified":"2018-11-05T16:50:58","modified_gmt":"2018-11-05T16:50:58","slug":"terrorismo-en-egipto-20-000-personas-rezan-con-el-papa-por-la-comunidad-copta","status":"publish","type":"post","link":"https:\/\/cejc-madrid.org\/index.php\/2018\/11\/05\/terrorismo-en-egipto-20-000-personas-rezan-con-el-papa-por-la-comunidad-copta\/","title":{"rendered":"Terrorismo en Egipto: 20.000 personas rezan con el Papa por la comunidad copta"},"content":{"rendered":"<p>(ZENIT, 4 noviembre 2018) Veinte mil personas oraron con el Papa Francisco por la comunidad copta de Egipto, golpeada por un ataque terrorista contra cristianos coptos ortodoxos el viernes 2 de noviembre de 2018, en el Alto Egipto.<\/p>\n<p>Despu\u00e9s del \u00c1ngelus del domingo 4 de noviembre, en la Plaza de San Pedro y bajo la lluvia, el Papa Francisco conden\u00f3 el ataque e invit\u00f3 a la multitud a unirse de inmediato a su oraci\u00f3n: \u201c<em>Expreso mi dolor por el ataque terrorista que golpe\u00f3 a la Iglesia ortodoxa copta hace dos d\u00edas en Egipto.&nbsp;Rezo por las v\u00edctimas, los peregrinos asesinados solo porque eran cristianos, y pido a la Sant\u00edsima Virgen Mar\u00eda que consuele a las familias y a toda la comunidad.&nbsp;Oremos juntos Virgen Mar\u00eda: Ave Mar\u00eda \u2026<\/em>\u201d.<\/p>\n<p><strong>Segundo ataque a los peregrinos coptos ortodoxos<\/strong><\/p>\n<p>Siete personas murieron y 14 resultaron heridas en un ataque contra un autob\u00fas que iba a un monasterio copto en el Alto Egipto, anunci\u00f3 el viernes el arzobispo de Minya.<\/p>\n<p>Los coptos ortodoxos viajaban en tres autobuses separados en Minya, a 200 km al sur de El Cairo.&nbsp;Los yihadistas bloquearon los medios y obligaron a los peregrinos a descender; luego abrieron fuego.&nbsp;El ataque fue inmediatamente reclamado por el IS.<\/p>\n<p>Las v\u00edctimas de este ataque del viernes 2 de noviembre son:<\/p>\n<p>\u2013 Nady Youssef Shehata, 54<br \/> \u2013 Rida Youssef Shehata, 51<br \/> \u2013 Kamal Youssef Shehata, 20<br \/> \u2013 Poussy Melad Youssef Shehata, 41<br \/> \u2013 Asaad Farouk Labeeb, 36<br \/> \u2013 Bishoy Rida Youssef Shehata, 15<br \/> \u2013 Marya Kamal Youssef Shehata, 12 a\u00f1os<\/p>\n<p>La mayor\u00eda de las v\u00edctimas parecen haber recibido un disparo en la cabeza.&nbsp;El n\u00famero de v\u00edctimas podr\u00eda empeorar debido a la grave condici\u00f3n en que se encuentran algunos de los 14 heridos.<\/p>\n<p>El ataque tuvo lugar en el camino hacia el monasterio de San Samuel \u201cen el mismo lugar que el a\u00f1o pasado\u201d.&nbsp;El sangriento ataque de mayo de 2017 tuvo 29 v\u00edctimas en la misma ruta.<\/p>\n<p><strong>Convicci\u00f3n de Al-Azhar<\/strong><\/p>\n<p>La Universidad de Al-Azhar de El Cairo, la m\u00e1s alta instituci\u00f3n del Islam sunita, conden\u00f3 el ataque a los coptos en una nota que dice, seg\u00fan Vatican News en italiano: \u201c<em>Los perpetradores de este ataque terrorista son criminales. sin los valores fundamentales de la humanidad, las ense\u00f1anzas de las religiones que exigen la coexistencia y la paz, la renuncia a la violencia y el odio y la condena del asesinato de personas inocentes<\/em>\u201d.<\/p>\n<p>El nuncio apost\u00f3lico en Egipto, Mons. Bruno Musar\u00f2, denunci\u00f3 este episodio de violencia, seg\u00fan precisa la misma fuente: \u201c<em>En este momento<\/em>, dijo el nuncio, <em>no podemos dejar de estar cerca de las familias de las v\u00edctimas y de los heridos y orar por ellas.&nbsp;Al mismo tiempo, como el Papa Francisco nos pide, debemos alimentar la esperanza<\/em>\u201d.<\/p>\n<p>El padre Hani Kiroulos, portavoz de la Iglesia cat\u00f3lica copta en Egipto, expres\u00f3 su cercan\u00eda a la comunidad ortodoxa copta.<\/p>\n<p><strong>Reacci\u00f3n del CMI<\/strong><\/p>\n<p>Desde Uppsala, Suecia, donde se lleva a cabo su Comit\u00e9 Ejecutivo, el Consejo Mundial de Iglesias (CMI) tambi\u00e9n conden\u00f3 los asesinatos, agrega la misma fuente: \u201c<em>Condenamos este acto y estamos cerca por la solidaridad y la oraci\u00f3n por las v\u00edctimas y sus familias.&nbsp;Este ataque es otro ejemplo vil del crecimiento de los delitos de odio contra personas basadas en la afiliaci\u00f3n religiosa.&nbsp;Hacemos un llamado a acciones pol\u00edticas y sociales, junto con la reflexi\u00f3n teol\u00f3gica, en todas las \u00e1reas donde estos cr\u00edmenes se cometen para abordar el odio y la intolerancia y promover el respeto por la diversidad, la dignidad humana y los derechos humanos, por la libertad de religi\u00f3n y de culto para todos<\/em>\u201d.<\/p>\n<p><em>\u00a9 Traducci\u00f3n de ZENIT, Raquel Anillo<\/em><\/p>\n","protected":false},"excerpt":{"rendered":"<p>(ZENIT, 4 noviembre 2018) Veinte mil personas oraron con el Papa Francisco por la comunidad copta de Egipto, golpeada por un ataque terrorista contra cristianos coptos ortodoxos el viernes 2 de noviembre de 2018, en el Alto Egipto. Despu\u00e9s del \u00c1ngelus del domingo 4 de noviembre, en la Plaza de San Pedro y bajo la [&hellip;]<\/p>\n","protected":false},"author":1,"featured_media":0,"comment_status":"open","ping_status":"open","sticky":false,"template":"","format":"standard","meta":{"_et_pb_use_builder":"","_et_pb_old_content":"","_et_gb_content_width":"","footnotes":""},"categories":[1],"tags":[179,185,186],"class_list":["post-568","post","type-post","status-publish","format-standard","hentry","category-uncategorized","tag-dialogo-interreligioso","tag-ecumenismo","tag-persecucion-cristianos"],"_links":{"self":[{"href":"https:\/\/cejc-madrid.org\/index.php\/wp-json\/wp\/v2\/posts\/568","targetHints":{"allow":["GET"]}}],"collection":[{"href":"https:\/\/cejc-madrid.org\/index.php\/wp-json\/wp\/v2\/posts"}],"about":[{"href":"https:\/\/cejc-madrid.org\/index.php\/wp-json\/wp\/v2\/types\/post"}],"author":[{"embeddable":true,"href":"https:\/\/cejc-madrid.org\/index.php\/wp-json\/wp\/v2\/users\/1"}],"replies":[{"embeddable":true,"href":"https:\/\/cejc-madrid.org\/index.php\/wp-json\/wp\/v2\/comments?post=568"}],"version-history":[{"count":0,"href":"https:\/\/cejc-madrid.org\/index.php\/wp-json\/wp\/v2\/posts\/568\/revisions"}],"wp:attachment":[{"href":"https:\/\/cejc-madrid.org\/index.php\/wp-json\/wp\/v2\/media?parent=568"}],"wp:term":[{"taxonomy":"category","embeddable":true,"href":"https:\/\/cejc-madrid.org\/index.php\/wp-json\/wp\/v2\/categories?post=568"},{"taxonomy":"post_tag","embeddable":true,"href":"https:\/\/cejc-madrid.org\/index.php\/wp-json\/wp\/v2\/tags?post=568"}],"curies":[{"name":"wp","href":"https:\/\/api.w.org\/{rel}","templated":true}]}}