{"id":569,"date":"2018-12-14T09:29:29","date_gmt":"2018-12-14T09:29:29","guid":{"rendered":"https:\/\/upbeat-goodall.82-223-35-84.plesk.page\/index.php\/2018\/12\/14\/circular-n-314-octubre-diciembre-2018\/"},"modified":"2024-11-27T16:40:40","modified_gmt":"2024-11-27T16:40:40","slug":"circular-n-314-octubre-diciembre-2018","status":"publish","type":"post","link":"https:\/\/cejc-madrid.org\/index.php\/2018\/12\/14\/circular-n-314-octubre-diciembre-2018\/","title":{"rendered":"Circular n\u00ba 214 Octubre-Diciembre 2018"},"content":{"rendered":"<p>La circular de este trimestre se acerca a los siguientes temas:<\/p>\n<ul>\n<li>Inauguraci\u00f3n del Curso Acad\u00e9mico 2018\/2019 del CEJC.<\/li>\n<li>El Papa recibe a una delegaci\u00f3n de rabinos del \u2018World Congress of Mountain Jews\u2019 del C\u00e1ucaso.<\/li>\n<li>Judizmendi, un compromiso con la memoria jud\u00eda en Vitoria.<\/li>\n<li>Antiguo rollo de la Tor\u00e1 se salva del incendio del Museo de Brasil.<\/li>\n<li>Cristianos sentenciados a muerte bajo la \u2018Ley Sharia\u2019 en Ir\u00e1n.<\/li>\n<li>Descubierta una inscripci\u00f3n del periodo del Segundo Templo.<\/li>\n<li>El Chelsea mandar\u00e1 a Auschwitz a sus seguidores antisemitas.<\/li>\n<li>La artista israel\u00ed Noa cant\u00f3 en hebreo ante el Papa.<\/li>\n<li>Marruecos introducir\u00e1 la educaci\u00f3n del Holocausto en las escuelas.<\/li>\n<li>Merkel admite en Israel la \u201cperpetua responsabilidad\u201d de Alemania.<\/li>\n<li>Charles Aznavour, el artista que salv\u00f3 a jud\u00edos del Holocausto.<\/li>\n<li>Investigadores israel\u00edes desarrollan un f\u00e1rmaco contra la leucemia.<\/li>\n<li>Yad Vashem declara Justo entre las Naciones a un sacerdote romano.<\/li>\n<li>Cayetana Johnson excava en un parking de la Ciudad Vieja de Jerusalem.<\/li>\n<li>El \u2018Cachibol\u2019 une a jud\u00edas, musulmanas y cristianas en Israel.<\/li>\n<li>Una l\u00ednea de tren conectar\u00e1 Haifa con Arabia Saud\u00ed.<\/li>\n<li>Una televisi\u00f3n palestina afirma que \u201cHitler fue enviado por Al\u00e1 contra los jud\u00edos\u201d.<\/li>\n<li>Una mujer israel\u00ed salva la vida de miles de palestinos cada a\u00f1o.<\/li>\n<li>Audiencia del Papa con el Presidente del Estado de Israel, Reuven Rivlin.<\/li>\n<li>Islas de Goto, escondite de los \u2018cristianos ocultos\u2019 de Jap\u00f3n<\/li>\n<li>Noticias del Centro.<\/li>\n<\/ul>\n","protected":false},"excerpt":{"rendered":"<p>La circular de este trimestre se acerca a los siguientes temas: Inauguraci\u00f3n del Curso Acad\u00e9mico 2018\/2019 del CEJC. El Papa recibe a una delegaci\u00f3n de rabinos del \u2018World Congress of Mountain Jews\u2019 del C\u00e1ucaso. Judizmendi, un compromiso con la memoria jud\u00eda en Vitoria. Antiguo rollo de la Tor\u00e1 se salva del incendio del Museo de [&hellip;]<\/p>\n","protected":false},"author":1,"featured_media":2562,"comment_status":"open","ping_status":"open","sticky":false,"template":"","format":"standard","meta":{"_et_pb_use_builder":"","_et_pb_old_content":"","_et_gb_content_width":"","footnotes":""},"categories":[4],"tags":[178,187,179],"class_list":["post-569","post","type-post","status-publish","format-standard","has-post-thumbnail","hentry","category-circular","tag-amistad-judeo-cristiana","tag-congregacion-de-nuestra-sra-de-sion","tag-dialogo-interreligioso"],"_links":{"self":[{"href":"https:\/\/cejc-madrid.org\/index.php\/wp-json\/wp\/v2\/posts\/569","targetHints":{"allow":["GET"]}}],"collection":[{"href":"https:\/\/cejc-madrid.org\/index.php\/wp-json\/wp\/v2\/posts"}],"about":[{"href":"https:\/\/cejc-madrid.org\/index.php\/wp-json\/wp\/v2\/types\/post"}],"author":[{"embeddable":true,"href":"https:\/\/cejc-madrid.org\/index.php\/wp-json\/wp\/v2\/users\/1"}],"replies":[{"embeddable":true,"href":"https:\/\/cejc-madrid.org\/index.php\/wp-json\/wp\/v2\/comments?post=569"}],"version-history":[{"count":1,"href":"https:\/\/cejc-madrid.org\/index.php\/wp-json\/wp\/v2\/posts\/569\/revisions"}],"predecessor-version":[{"id":2563,"href":"https:\/\/cejc-madrid.org\/index.php\/wp-json\/wp\/v2\/posts\/569\/revisions\/2563"}],"wp:featuredmedia":[{"embeddable":true,"href":"https:\/\/cejc-madrid.org\/index.php\/wp-json\/wp\/v2\/media\/2562"}],"wp:attachment":[{"href":"https:\/\/cejc-madrid.org\/index.php\/wp-json\/wp\/v2\/media?parent=569"}],"wp:term":[{"taxonomy":"category","embeddable":true,"href":"https:\/\/cejc-madrid.org\/index.php\/wp-json\/wp\/v2\/categories?post=569"},{"taxonomy":"post_tag","embeddable":true,"href":"https:\/\/cejc-madrid.org\/index.php\/wp-json\/wp\/v2\/tags?post=569"}],"curies":[{"name":"wp","href":"https:\/\/api.w.org\/{rel}","templated":true}]}}