{"id":57,"date":"2011-11-04T11:19:55","date_gmt":"2011-11-04T11:19:55","guid":{"rendered":"https:\/\/upbeat-goodall.82-223-35-84.plesk.page\/index.php\/2011\/11\/04\/el-olivo-no-54\/"},"modified":"2011-11-04T11:19:55","modified_gmt":"2011-11-04T11:19:55","slug":"el-olivo-no-54","status":"publish","type":"post","link":"https:\/\/cejc-madrid.org\/index.php\/2011\/11\/04\/el-olivo-no-54\/","title":{"rendered":"El Olivo n\u00ba 54"},"content":{"rendered":"<p align=\"center\"><b>EL OLIVO    n\u00ba 54<\/b><\/p>\n<p align=\"center\">Julio &#8211; Diciembre  2001<\/p>\n<dl>\n<div align=\"center\"><center> <\/p>\n<dt><i>Actas del XVII Simposio Hispano-Israel\u00ed  (judeo-cristiano)<\/i> <\/dt>\n<p><\/center><\/div>\n<div align=\"center\"><center> <\/p>\n<dt><i>Segovia y Madrid, del 15 al 21 de octubre de  2001<\/i> <\/dt>\n<p><\/center><\/div>\n<\/dl>\n<p align=\"center\"><b>Globalizaci\u00f3n  e identidad: aspectos culturales, religiosos y nacionales<\/b><\/p>\n<p align=\"left\"><b> <\/b><\/p>\n<p align=\"center\"><span style=\"text-decoration: underline;\">\u00cdndice<\/span><\/p>\n<p align=\"left\">\u00a0<\/p>\n<p align=\"left\"><b>Globalizaci\u00f3n e identidad jud\u00eda &#8211;<\/b><i><b> <\/b><\/i>Rabino Mario E.  Ablin &#8211; Jerusalem<b>&nbsp;<\/b><\/p>\n<p align=\"left\"><b>La  Globalizaci\u00f3n hist\u00f3rica en entredicho: las ciudades castellanas contra Carlos  V &#8211;<\/b><b> <\/b>Pedro Alvarez de  Frutos &#8211; Instituto Mariano  Quintanilla<b>&nbsp;<\/b><\/p>\n<p align=\"left\"><b>Multi-religiosidad &#8211; inter-religiosidad. Sincretismo y  fundamentalismo &#8211;<\/b><i><b> <\/b><\/i>Rabino Yerahmiel  Barylka &#8211; Jerusalem<b> <\/b><\/p>\n<p align=\"left\"><b>Significado de  la <i>Shoah<\/i> en un mundo cambiante y globalizado &#8211;<\/b><i><b> <\/b><\/i>Sara Fleiderman<i> <\/i>&#8211; Jerusalem<b>&nbsp;<\/b><\/p>\n<p align=\"left\"><b>El extra\u00f1o en un  mundo globalizado. Globalizaci\u00f3n y cultura. Implicaciones \u00e9ticas del fen\u00f3meno  migratorio<\/b><i><b> &#8211; <\/b><\/i>Angel Galindo Garc\u00eda &#8211; Universidad Pontificia de Salamanca<b>&nbsp;<\/b><\/p>\n<p align=\"left\"><b>El pluralismo  religioso en la perspectiva del pensamiento jud\u00edo contempor\u00e1neo, seg\u00fan Franz  Rosenzweig &#8211;<\/b><b> <\/b>Miguel Garc\u00eda-Bar\u00f3<i> <\/i>&#8211; Universidad Pontificia Comillas<b>&nbsp;<\/b><\/p>\n<p align=\"left\"><b>La m\u00faltiple  extranjer\u00eda del escritor migrante &#8211;<\/b><b> <\/b>Florinda F. Goldberg<i> &#8211; <\/i>Universidad Hebrea de Jerusalem<b>&nbsp;<\/b><\/p>\n<p align=\"left\"><b>La identidad  sefard\u00ed mundial. Lecciones del pasado y del presente &#8211;<\/b><i><b> <\/b><\/i>Abraham Haim<i> &#8211; <\/i> Jerusalem<b>&nbsp;<\/b><\/p>\n<p align=\"left\"><b>El extra\u00f1o en  una sociedad globalizada<\/b><i><b> &#8211; <\/b><\/i>Israel Jamitovsky<i> &#8211; <\/i> Tel-Aviv<b>&nbsp;<\/b><\/p>\n<p align=\"left\"><b>Del di\u00e1logo  judeocristiano al di\u00e1logo interreligioso &#8211;<\/b> Luis Maldonado<i> &#8211; <\/i> Universidad Pontificia de Salamanca<b><\/b><\/p>\n<p align=\"left\"><b>Identidad de la  aljama de Segovia: una mirada sentimental a su historia y un proyecto de  futuro<\/b><i><b> &#8211; <\/b><\/i><b><\/b>Rosa Moro de Andr\u00e9s<i> &#8211; <\/i> Segovia<b><\/b><\/p>\n<p align=\"left\"><b>Multiculturalismo <i>versus<\/i> sociedad  integrada &#8211;<\/b><i><b> <\/b><\/i>Francisco de Paula Rodr\u00edguez Mart\u00edn<i> &#8211; <\/i> Universidad Internacional  SEK<b> <\/b><\/p>\n<p align=\"left\"><b>Las relaciones  Espa\u00f1a-Israel en el \u00e1mbito cultural &#8211;<\/b><b> <\/b>Eyal Sela<i> &#8211; <\/i> Embajada de Israel en Madrid<b><\/b><\/p>\n<p align=\"left\"><b>Matrimonios  mixtos. Problem\u00e1tica de la disparidad de cultos &#8211;<\/b><i><b> <\/b><\/i>Javier L. Valero Bermejo<i> &#8211; <\/i> Abogado Rotal<\/p>\n<blockquote><\/blockquote>\n","protected":false},"excerpt":{"rendered":"<p>EL OLIVO n\u00ba 54 Julio &#8211; Diciembre 2001 Actas del XVII Simposio Hispano-Israel\u00ed (judeo-cristiano) Segovia y Madrid, del 15 al 21 de octubre de 2001 Globalizaci\u00f3n e identidad: aspectos culturales, religiosos y nacionales \u00cdndice \u00a0 Globalizaci\u00f3n e identidad jud\u00eda &#8211; Rabino Mario E. Ablin &#8211; Jerusalem&nbsp; La Globalizaci\u00f3n hist\u00f3rica en entredicho: las ciudades castellanas contra [&hellip;]<\/p>\n","protected":false},"author":1,"featured_media":0,"comment_status":"open","ping_status":"open","sticky":false,"template":"","format":"standard","meta":{"_et_pb_use_builder":"","_et_pb_old_content":"","_et_gb_content_width":"","footnotes":""},"categories":[25],"tags":[],"class_list":["post-57","post","type-post","status-publish","format-standard","hentry","category-revista-qel-olivoq"],"_links":{"self":[{"href":"https:\/\/cejc-madrid.org\/index.php\/wp-json\/wp\/v2\/posts\/57","targetHints":{"allow":["GET"]}}],"collection":[{"href":"https:\/\/cejc-madrid.org\/index.php\/wp-json\/wp\/v2\/posts"}],"about":[{"href":"https:\/\/cejc-madrid.org\/index.php\/wp-json\/wp\/v2\/types\/post"}],"author":[{"embeddable":true,"href":"https:\/\/cejc-madrid.org\/index.php\/wp-json\/wp\/v2\/users\/1"}],"replies":[{"embeddable":true,"href":"https:\/\/cejc-madrid.org\/index.php\/wp-json\/wp\/v2\/comments?post=57"}],"version-history":[{"count":0,"href":"https:\/\/cejc-madrid.org\/index.php\/wp-json\/wp\/v2\/posts\/57\/revisions"}],"wp:attachment":[{"href":"https:\/\/cejc-madrid.org\/index.php\/wp-json\/wp\/v2\/media?parent=57"}],"wp:term":[{"taxonomy":"category","embeddable":true,"href":"https:\/\/cejc-madrid.org\/index.php\/wp-json\/wp\/v2\/categories?post=57"},{"taxonomy":"post_tag","embeddable":true,"href":"https:\/\/cejc-madrid.org\/index.php\/wp-json\/wp\/v2\/tags?post=57"}],"curies":[{"name":"wp","href":"https:\/\/api.w.org\/{rel}","templated":true}]}}