{"id":571,"date":"2019-03-08T09:43:36","date_gmt":"2019-03-08T09:43:36","guid":{"rendered":"https:\/\/upbeat-goodall.82-223-35-84.plesk.page\/index.php\/2019\/03\/08\/las-demandas-de-nuestro-tiempo-una-declaracion-sobre-el-antisemitismo\/"},"modified":"2019-03-08T09:43:36","modified_gmt":"2019-03-08T09:43:36","slug":"las-demandas-de-nuestro-tiempo-una-declaracion-sobre-el-antisemitismo","status":"publish","type":"post","link":"https:\/\/cejc-madrid.org\/index.php\/2019\/03\/08\/las-demandas-de-nuestro-tiempo-una-declaracion-sobre-el-antisemitismo\/","title":{"rendered":"Las demandas de nuestro tiempo: Una declaraci\u00f3n sobre el antisemitismo"},"content":{"rendered":"<p>Las descaradas y vergonzosas demostraciones de antisemitismo est\u00e1n aumentando en Europa, las Am\u00e9ricas y otros lugares, siendo cada vez m\u00e1s frecuentes en la vida p\u00fablica. Ataques o vandalismo contra la propiedad, edificios o personas \u2014e incluso asesinatos\u2014 han ocurrido en varios pa\u00edses. Los jud\u00edos en muchos lugares dan testimonio de un creciente sentimiento de miedo e inseguridad.<\/p>\n<p>La historia muestra que el flagelo del antisemitismo tiene la perniciosa capacidad de transformarse en una variedad aparentemente interminable de manifestaciones, seg\u00fan el contexto. En el mundo mediterr\u00e1neo pre cristiano, los jud\u00edos eran a veces asaltados por rechazar las normas sociales y religiosas paganas. Los jud\u00edos fueron marginados en la cristiandad europea porque no aceptaban el Evangelio cristiano, convirti\u00e9ndose as\u00ed en f\u00e1ciles chivos expiatorios en tiempos de crisis. En la \u00e9poca del Iluminismo, la supuestamente sociedad secularizada fue ofendida por la resistencia religiosa y cultural jud\u00eda a la asimilaci\u00f3n, pero m\u00e1s tarde sospechaba que los jud\u00edos que se asimilaron tramaban diversos esquemas. Estas teor\u00edas de conspiraci\u00f3n fueron a veces contradictorias, como cuando los jud\u00edos fueron acusados \u200b\u200bde dominar el capitalismo mientras, simult\u00e1neamente, defend\u00edan el comunismo. La pseudo ciencia calific\u00f3 a los jud\u00edos como amenazas gen\u00e9ticas para razas supuestamente superiores. M\u00e1s recientemente, el anhelo jud\u00edo por la seguridad de la autodeterminaci\u00f3n pol\u00edtica, algo considerado como un derecho humano de otros pueblos, ha sido calificado de racista.<\/p>\n<p>El Consejo Internacional de Cristianos y Jud\u00edos (ICCJ) observa el actual resurgimiento del antisemitismo con alarma y repulsi\u00f3n. El ICCJ fue fundado en 1947, a ra\u00edz de una \u00abConferencia de Emergencia sobre Antisemitismo\u00bb celebrada en Seelisberg, Suiza. Esa conferencia fue una respuesta cristiana y jud\u00eda al antisemitismo que llev\u00f3 y a\u00fan persisti\u00f3 despu\u00e9s de la Shoa (Holocausto). A ra\u00edz de Seelisberg, numerosas iglesias cristianas repudiaron pasadas ense\u00f1anzas de desprecio y etiquetaron el antisemitismo como un pecado contra Dios y la humanidad. Ellas se embarcaron en un esfuerzo sin precedentes para desmantelar el antagonismo religioso que hab\u00eda alimentado la hostilidad hacia los jud\u00edos durante tanto tiempo por mucho tiempo y reemplazarlo con teolog\u00edas que promuevan la amistad y la colaboraci\u00f3n interreligiosas. Frustrantemente, esta revolucionaria reforma ocurre en un momento en que las comunidades religiosas tienen limitado poder para revertir la antipat\u00eda que ellas ayudaron a integrar en la cultura occidental.<\/p>\n<p>Se ha dicho que el renovado antisemitismo es una se\u00f1al de advertencia de la ruptura de la sociedad. De hecho vemos hoy en d\u00eda, en muchos lugares, el crecimiento generalizado del racismo, la xenofobia, la islamofobia, la intolerancia y la ausencia del respeto humano b\u00e1sico por las personas que de alguna manera son \u00abdiferentes\u00bb. La humanidad puede y debe ser mejor que esto. Aunque nuestras voces a veces pueden parecer d\u00e9biles e ineficaces, los tiempos nos convocan a todos, como individuos, organizaciones y sociedades, a redoblar nuestra oposici\u00f3n a todas las formas de intolerancia y prejuicios, a insistir en que los l\u00edderes promuevan el bien com\u00fan de todos, y a reafirmar nuevamente nuestro compromiso para ser practicantes del di\u00e1logo en todos los niveles.<\/p>\n<p style=\"text-align: right;\"><em>Junta Ejecutiva del Consejo Internacional de Cristianos y Jud\u00edos (ICCJ)<\/em><\/p>\n<p style=\"text-align: right;\"><em>Martin Buber-House, Heppenheim, 28 de febrero de 2019<\/em><\/p>\n","protected":false},"excerpt":{"rendered":"<p>Las descaradas y vergonzosas demostraciones de antisemitismo est\u00e1n aumentando en Europa, las Am\u00e9ricas y otros lugares, siendo cada vez m\u00e1s frecuentes en la vida p\u00fablica. Ataques o vandalismo contra la propiedad, edificios o personas \u2014e incluso asesinatos\u2014 han ocurrido en varios pa\u00edses. Los jud\u00edos en muchos lugares dan testimonio de un creciente sentimiento de miedo [&hellip;]<\/p>\n","protected":false},"author":1,"featured_media":0,"comment_status":"open","ping_status":"open","sticky":false,"template":"","format":"standard","meta":{"_et_pb_use_builder":"","_et_pb_old_content":"","_et_gb_content_width":"","footnotes":""},"categories":[1],"tags":[178,188,179],"class_list":["post-571","post","type-post","status-publish","format-standard","hentry","category-uncategorized","tag-amistad-judeo-cristiana","tag-antisemitismo","tag-dialogo-interreligioso"],"_links":{"self":[{"href":"https:\/\/cejc-madrid.org\/index.php\/wp-json\/wp\/v2\/posts\/571","targetHints":{"allow":["GET"]}}],"collection":[{"href":"https:\/\/cejc-madrid.org\/index.php\/wp-json\/wp\/v2\/posts"}],"about":[{"href":"https:\/\/cejc-madrid.org\/index.php\/wp-json\/wp\/v2\/types\/post"}],"author":[{"embeddable":true,"href":"https:\/\/cejc-madrid.org\/index.php\/wp-json\/wp\/v2\/users\/1"}],"replies":[{"embeddable":true,"href":"https:\/\/cejc-madrid.org\/index.php\/wp-json\/wp\/v2\/comments?post=571"}],"version-history":[{"count":0,"href":"https:\/\/cejc-madrid.org\/index.php\/wp-json\/wp\/v2\/posts\/571\/revisions"}],"wp:attachment":[{"href":"https:\/\/cejc-madrid.org\/index.php\/wp-json\/wp\/v2\/media?parent=571"}],"wp:term":[{"taxonomy":"category","embeddable":true,"href":"https:\/\/cejc-madrid.org\/index.php\/wp-json\/wp\/v2\/categories?post=571"},{"taxonomy":"post_tag","embeddable":true,"href":"https:\/\/cejc-madrid.org\/index.php\/wp-json\/wp\/v2\/tags?post=571"}],"curies":[{"name":"wp","href":"https:\/\/api.w.org\/{rel}","templated":true}]}}