{"id":572,"date":"2019-03-21T16:29:50","date_gmt":"2019-03-21T16:29:50","guid":{"rendered":"https:\/\/upbeat-goodall.82-223-35-84.plesk.page\/index.php\/2019\/03\/21\/circular-n-215-enero-marzo-2019\/"},"modified":"2024-11-27T11:06:20","modified_gmt":"2024-11-27T11:06:20","slug":"circular-n-215-enero-marzo-2019","status":"publish","type":"post","link":"https:\/\/cejc-madrid.org\/index.php\/2019\/03\/21\/circular-n-215-enero-marzo-2019\/","title":{"rendered":"Circular n\u00ba 215 Enero-Marzo 2019"},"content":{"rendered":"<p>La circular de este trimestre se acerca a los siguientes temas:<\/p>\n<ul>\n<li>Editorial Centro de Estudios Judeo-Cristianos: \u00bfOtra vez\u2026?.<\/li>\n<li>La ONU y el Congreso Jud\u00edo Mundial advierten sobre el regreso del antisemitismo.<\/li>\n<li>Advierten del \u2018desalentador\u2019 futuro de los jud\u00edos en Europa.<\/li>\n<li>El gran rabino de la AMIA, v\u00edctima de una agresi\u00f3n salvaje.<\/li>\n<li>El antisemitismo se expande como el c\u00e1ncer en el mundo isl\u00e1mico.<\/li>\n<li>Diputados brit\u00e1nicos dejan el Partido Laborista por el antisemitismo.<\/li>\n<li>Actos vand\u00e1licos en dos cementerios jud\u00edos polacos en medio de las tensiones sobre el Holocausto.<\/li>\n<li>El antisemitismo crece un 74 por cien en Francia.<\/li>\n<li>Es vergonzoso que el pueblo jud\u00edo no se sienta seguro en Alemania.<\/li>\n<li>Uno de cada cinco europeos justifica el antisemitismo: La vida jud\u00eda en Europa est\u00e1 en peligro.<\/li>\n<li>Marcha de neonazis en Auschwitz durante el D\u00eda del Holocausto.<\/li>\n<li>Comunicado del Consejo Internacional de Cristianos y Jud\u00edos, ICCJ.<\/li>\n<li>El Senado y la Asamblea de Madrid acogen actos institucionales para recordar a las v\u00edctimas del Holocausto.<\/li>\n<li>Noticias del Centro.<\/li>\n<\/ul>\n","protected":false},"excerpt":{"rendered":"<p>La circular de este trimestre se acerca a los siguientes temas: Editorial Centro de Estudios Judeo-Cristianos: \u00bfOtra vez\u2026?. La ONU y el Congreso Jud\u00edo Mundial advierten sobre el regreso del antisemitismo. Advierten del \u2018desalentador\u2019 futuro de los jud\u00edos en Europa. El gran rabino de la AMIA, v\u00edctima de una agresi\u00f3n salvaje. El antisemitismo se expande [&hellip;]<\/p>\n","protected":false},"author":1,"featured_media":2549,"comment_status":"open","ping_status":"open","sticky":false,"template":"","format":"standard","meta":{"_et_pb_use_builder":"","_et_pb_old_content":"","_et_gb_content_width":"","footnotes":""},"categories":[4],"tags":[178,188,179,185,52],"class_list":["post-572","post","type-post","status-publish","format-standard","has-post-thumbnail","hentry","category-circular","tag-amistad-judeo-cristiana","tag-antisemitismo","tag-dialogo-interreligioso","tag-ecumenismo","tag-judaismo"],"_links":{"self":[{"href":"https:\/\/cejc-madrid.org\/index.php\/wp-json\/wp\/v2\/posts\/572","targetHints":{"allow":["GET"]}}],"collection":[{"href":"https:\/\/cejc-madrid.org\/index.php\/wp-json\/wp\/v2\/posts"}],"about":[{"href":"https:\/\/cejc-madrid.org\/index.php\/wp-json\/wp\/v2\/types\/post"}],"author":[{"embeddable":true,"href":"https:\/\/cejc-madrid.org\/index.php\/wp-json\/wp\/v2\/users\/1"}],"replies":[{"embeddable":true,"href":"https:\/\/cejc-madrid.org\/index.php\/wp-json\/wp\/v2\/comments?post=572"}],"version-history":[{"count":1,"href":"https:\/\/cejc-madrid.org\/index.php\/wp-json\/wp\/v2\/posts\/572\/revisions"}],"predecessor-version":[{"id":2550,"href":"https:\/\/cejc-madrid.org\/index.php\/wp-json\/wp\/v2\/posts\/572\/revisions\/2550"}],"wp:featuredmedia":[{"embeddable":true,"href":"https:\/\/cejc-madrid.org\/index.php\/wp-json\/wp\/v2\/media\/2549"}],"wp:attachment":[{"href":"https:\/\/cejc-madrid.org\/index.php\/wp-json\/wp\/v2\/media?parent=572"}],"wp:term":[{"taxonomy":"category","embeddable":true,"href":"https:\/\/cejc-madrid.org\/index.php\/wp-json\/wp\/v2\/categories?post=572"},{"taxonomy":"post_tag","embeddable":true,"href":"https:\/\/cejc-madrid.org\/index.php\/wp-json\/wp\/v2\/tags?post=572"}],"curies":[{"name":"wp","href":"https:\/\/api.w.org\/{rel}","templated":true}]}}