{"id":573,"date":"2019-06-24T10:37:35","date_gmt":"2019-06-24T10:37:35","guid":{"rendered":"https:\/\/upbeat-goodall.82-223-35-84.plesk.page\/index.php\/2019\/06\/24\/circular-n-216-abril-junio-2019-1\/"},"modified":"2024-11-27T11:05:33","modified_gmt":"2024-11-27T11:05:33","slug":"circular-n-216-abril-junio-2019-1","status":"publish","type":"post","link":"https:\/\/cejc-madrid.org\/index.php\/2019\/06\/24\/circular-n-216-abril-junio-2019-1\/","title":{"rendered":"Circular n\u00ba 216 Abril-Junio 2019"},"content":{"rendered":"<p>La circular de este trimestre se acerca a los siguientes temas:\u00a0Clausura del Curso Acad\u00e9mico 2018\/2019 del CEJC. El Rey recibe el Premio Shalom por su labor en la reparaci\u00f3n de los descendientes de hebreos expulsados en 1492. El Papa Francisco y el rey de Marruecos firman un acuerdo sobre Jerusalem.\u00a0Pol\u00e9mica en Alemania por el uso de la kip\u00e1.\u00a0Los cat\u00f3licos chinos que residen en Espa\u00f1a tambi\u00e9n quieren un sitio en la parroquia.\u00a0Fallece el \u00faltimo espa\u00f1ol de Buchenwald.\u00a0La Comunidad Jud\u00eda de Madrid advierte del crecimiento del antisemitismo en Espa\u00f1a.\u00a0Las tres Iglesias que administran la Bas\u00edlica del Santo Sepulcro acuerdan su restauraci\u00f3n.\u00a0\u2018El pan de la libertad\u2019 o lo que nadie quer\u00eda ver.\u00a0Recreaci\u00f3n en 3D de la sala de la \u00daltima Cena.\u00a0El \u2018enga\u00f1o\u2019 como arma para combatir el c\u00e1ncer.\u00a0Mosc\u00fa rinde homenaje a la resistencia jud\u00eda en los campos de concentraci\u00f3n.\u00a0Ataque a retratos de v\u00edctimas del Holocausto expuestos en Viena.\u00a0Segovia organiza la primera jornada sobre turismo sefard\u00ed.\u00a0Cerca de 400 ataques f\u00edsicos contra jud\u00edos en 2018.\u00a0Publicada la versi\u00f3n completa y original del diario de Ana Frank.\u00a0El Papa llam\u00f3 a combatir el antisemitismo.\u00a0El Papa, sobre los cristianos perseguidos.\u00a0Homenaje en Madrid a bebe israel\u00ed asesinado por terrorista palestino.\u00a0Clausura del A\u00f1o Jubilar Mariano por el 25 aniversario de la catedral de Madrid.<\/p>\n","protected":false},"excerpt":{"rendered":"<p>La circular de este trimestre se acerca a los siguientes temas:\u00a0Clausura del Curso Acad\u00e9mico 2018\/2019 del CEJC. El Rey recibe el Premio Shalom por su labor en la reparaci\u00f3n de los descendientes de hebreos expulsados en 1492. El Papa Francisco y el rey de Marruecos firman un acuerdo sobre Jerusalem.\u00a0Pol\u00e9mica en Alemania por el uso [&hellip;]<\/p>\n","protected":false},"author":1,"featured_media":2547,"comment_status":"open","ping_status":"open","sticky":false,"template":"","format":"standard","meta":{"_et_pb_use_builder":"","_et_pb_old_content":"","_et_gb_content_width":"","footnotes":""},"categories":[4],"tags":[178,179,185],"class_list":["post-573","post","type-post","status-publish","format-standard","has-post-thumbnail","hentry","category-circular","tag-amistad-judeo-cristiana","tag-dialogo-interreligioso","tag-ecumenismo"],"_links":{"self":[{"href":"https:\/\/cejc-madrid.org\/index.php\/wp-json\/wp\/v2\/posts\/573","targetHints":{"allow":["GET"]}}],"collection":[{"href":"https:\/\/cejc-madrid.org\/index.php\/wp-json\/wp\/v2\/posts"}],"about":[{"href":"https:\/\/cejc-madrid.org\/index.php\/wp-json\/wp\/v2\/types\/post"}],"author":[{"embeddable":true,"href":"https:\/\/cejc-madrid.org\/index.php\/wp-json\/wp\/v2\/users\/1"}],"replies":[{"embeddable":true,"href":"https:\/\/cejc-madrid.org\/index.php\/wp-json\/wp\/v2\/comments?post=573"}],"version-history":[{"count":1,"href":"https:\/\/cejc-madrid.org\/index.php\/wp-json\/wp\/v2\/posts\/573\/revisions"}],"predecessor-version":[{"id":2548,"href":"https:\/\/cejc-madrid.org\/index.php\/wp-json\/wp\/v2\/posts\/573\/revisions\/2548"}],"wp:featuredmedia":[{"embeddable":true,"href":"https:\/\/cejc-madrid.org\/index.php\/wp-json\/wp\/v2\/media\/2547"}],"wp:attachment":[{"href":"https:\/\/cejc-madrid.org\/index.php\/wp-json\/wp\/v2\/media?parent=573"}],"wp:term":[{"taxonomy":"category","embeddable":true,"href":"https:\/\/cejc-madrid.org\/index.php\/wp-json\/wp\/v2\/categories?post=573"},{"taxonomy":"post_tag","embeddable":true,"href":"https:\/\/cejc-madrid.org\/index.php\/wp-json\/wp\/v2\/tags?post=573"}],"curies":[{"name":"wp","href":"https:\/\/api.w.org\/{rel}","templated":true}]}}