{"id":574,"date":"2019-06-24T11:04:14","date_gmt":"2019-06-24T11:04:14","guid":{"rendered":"https:\/\/upbeat-goodall.82-223-35-84.plesk.page\/index.php\/2019\/06\/24\/clausura-del-curso-academico-2018-2019-del-cejc\/"},"modified":"2019-06-24T11:04:14","modified_gmt":"2019-06-24T11:04:14","slug":"clausura-del-curso-academico-2018-2019-del-cejc","status":"publish","type":"post","link":"https:\/\/cejc-madrid.org\/index.php\/2019\/06\/24\/clausura-del-curso-academico-2018-2019-del-cejc\/","title":{"rendered":"Clausura del Curso Acad\u00e9mico 2018\/2019 del CEJC"},"content":{"rendered":"<p>Un a\u00f1o m\u00e1s, el Centro de Estudios Judeo-Cristianos clausur\u00f3 su curso acad\u00e9mico 2018\/2019 en un acto celebrado el pasado 29 de mayo en la parroquia de San Juan Cris\u00f3stomo, que congreg\u00f3 a cerca de 100 asistentes y que estuvo presidido por el Cardenal Arzobispo de Madrid, <strong>Excmo. y Rvdmo. Sr. D. Carlos Osoro<\/strong>. En esta ocasi\u00f3n, la clase magistral estuvo a cargo del profesor <strong>D. Rafael Aguirre Monasterio<\/strong>, de la Universidad de Deusto, que present\u00f3 la ponencia \u201c<strong><em>Jes\u00fas el jud\u00edo, \u00bfqu\u00e9 modelo de Mes\u00edas?<\/em><\/strong>\u201d, como colof\u00f3n del ciclo anual de conferencias que este a\u00f1o ha llevado el t\u00edtulo de \u201c<strong>Grandes personalidades jud\u00edas y cristianas a lo largo de la Historia<\/strong>\u201d.<\/p>\n<p>Tras dar la bienvenida a los presentes, Monse\u00f1or Osoro cedi\u00f3 la palabra a la Directora Ejecutiva del Centro, <strong>D\u00f1a. Mayte Rodr\u00edguez<\/strong>, quien en su intervenci\u00f3n reflexion\u00f3 sobre el verdadero significado del di\u00e1logo interreligioso, afirmando que \u201c<em>no deber\u00edamos conformarnos con los actos formales, sino fomentar la interacci\u00f3n de grupos de la Iglesia y de las comunidades jud\u00edas con el fin de propiciar las ocasiones para forjar esos lazos humanos, que son los que nos har\u00e1n m\u00e1s fuertes para luchar contra los prejuicios<\/em>\u201d.<\/p>\n<p>Tambi\u00e9n advirti\u00f3 que el di\u00e1logo requiere una apertura de mente, puesto que \u201c<em>s\u00f3lo saliendo de esa zona de confort intelectual, podremos encontrar al otro en su propia naturaleza, en su alteridad, como lo describ\u00eda Emmanuel Levin\u00e1s. Ser\u00e1 en ese momento cuando le aceptemos sin juzgarle, y empatizando, cuando el di\u00e1logo transforme nuestra perspectiva enriqueci\u00e9ndonos<\/em>\u201d. Asimismo, hizo balance del a\u00f1o&nbsp;acad\u00e9mico y avanz\u00f3 el t\u00edtulo del pr\u00f3ximo curso, que supondr\u00e1 una continuaci\u00f3n del recientemente finalizado, tomando como punto de partida el nacimiento de Jesucristo.<\/p>\n<p><strong>D. Samuel Bengio<\/strong>, Presidente de la Asociaci\u00f3n Yad Vashem Espa\u00f1a, advirti\u00f3 en su intervenci\u00f3n del creciente antisemitismo registrado en Espa\u00f1a y el mundo durante los \u00faltimos a\u00f1os, y valor\u00f3 muy positivamente el trabajo del CEJC para fomentar el acercamiento y la amistad entre jud\u00edos y cristianos. Tras hacer entrega de los diplomas a los alumnos, <strong>Monse\u00f1or Osoro <\/strong>dio por clausurado oficialmente el Curso Acad\u00e9mico 2018\/2019.<\/p>\n<p>El acto cont\u00f3 asimismo con la presencia de <strong>D. Javier Prades<\/strong>, Rector Magn\u00edfico de la Universidad Eclesi\u00e1stica San D\u00e1maso; <strong>D. Jos\u00e9 Ram\u00f3n Busto<\/strong>, profesor de la Universidad Pontificia Comillas; <strong>D. Manuel Barrios<\/strong>, Director del Secretariado de Relaciones Interconfesionales de la C.E.E.; <strong>D. Isa\u00edas Barroso<\/strong>, ex Director del CEJC;<strong> D. Yoav Katz<\/strong>, Portavoz de la Embajada de Israel; <strong>D. Vajk Farkas<\/strong>, Primer Secretario de Asuntos Pol\u00edticos, Consulares y de Prensa de la Embajada de Hungr\u00eda;<strong> D\u00f1a. Ver\u00f3nica Nehama<\/strong>, Vicepresidenta de C.E.M.I.; <strong>D. Te\u00f3filo Moldovan<\/strong>, fundador y P\u00e1rroco de la Iglesia Ortodoxa Rumana de Madrid;<strong> y D. Ram\u00f3n de Albert<\/strong>, Gerente del Centro Sefarad-Israel, entre otros asistentes destacados.<\/p>\n<p style=\"text-align: center;\">{gallery}clausura2019{\/gallery}<\/p><\/p>\n","protected":false},"excerpt":{"rendered":"<p>Un a\u00f1o m\u00e1s, el Centro de Estudios Judeo-Cristianos clausur\u00f3 su curso acad\u00e9mico 2018\/2019 en un acto celebrado el pasado 29 de mayo en la parroquia de San Juan Cris\u00f3stomo, que congreg\u00f3 a cerca de 100 asistentes y que estuvo presidido por el Cardenal Arzobispo de Madrid, Excmo. y Rvdmo. Sr. D. Carlos Osoro. En esta [&hellip;]<\/p>\n","protected":false},"author":1,"featured_media":0,"comment_status":"open","ping_status":"open","sticky":false,"template":"","format":"standard","meta":{"_et_pb_use_builder":"","_et_pb_old_content":"","_et_gb_content_width":"","footnotes":""},"categories":[1],"tags":[178,189,179,185,190],"class_list":["post-574","post","type-post","status-publish","format-standard","hentry","category-uncategorized","tag-amistad-judeo-cristiana","tag-antiguo-testamento","tag-dialogo-interreligioso","tag-ecumenismo","tag-personalidades-biblicas"],"_links":{"self":[{"href":"https:\/\/cejc-madrid.org\/index.php\/wp-json\/wp\/v2\/posts\/574","targetHints":{"allow":["GET"]}}],"collection":[{"href":"https:\/\/cejc-madrid.org\/index.php\/wp-json\/wp\/v2\/posts"}],"about":[{"href":"https:\/\/cejc-madrid.org\/index.php\/wp-json\/wp\/v2\/types\/post"}],"author":[{"embeddable":true,"href":"https:\/\/cejc-madrid.org\/index.php\/wp-json\/wp\/v2\/users\/1"}],"replies":[{"embeddable":true,"href":"https:\/\/cejc-madrid.org\/index.php\/wp-json\/wp\/v2\/comments?post=574"}],"version-history":[{"count":0,"href":"https:\/\/cejc-madrid.org\/index.php\/wp-json\/wp\/v2\/posts\/574\/revisions"}],"wp:attachment":[{"href":"https:\/\/cejc-madrid.org\/index.php\/wp-json\/wp\/v2\/media?parent=574"}],"wp:term":[{"taxonomy":"category","embeddable":true,"href":"https:\/\/cejc-madrid.org\/index.php\/wp-json\/wp\/v2\/categories?post=574"},{"taxonomy":"post_tag","embeddable":true,"href":"https:\/\/cejc-madrid.org\/index.php\/wp-json\/wp\/v2\/tags?post=574"}],"curies":[{"name":"wp","href":"https:\/\/api.w.org\/{rel}","templated":true}]}}