{"id":576,"date":"2019-09-25T09:58:51","date_gmt":"2019-09-25T09:58:51","guid":{"rendered":"https:\/\/upbeat-goodall.82-223-35-84.plesk.page\/index.php\/2019\/09\/25\/curso-2019-2020\/"},"modified":"2024-11-14T12:04:13","modified_gmt":"2024-11-14T12:04:13","slug":"curso-2019-2020","status":"publish","type":"post","link":"https:\/\/cejc-madrid.org\/index.php\/2019\/09\/25\/curso-2019-2020\/","title":{"rendered":"Ciclo de Conferencias Curso 2019\/2020"},"content":{"rendered":"<p><img loading=\"lazy\" decoding=\"async\" class=\" size-full wp-image-575\" style=\"display: block; margin-left: auto; margin-right: auto;\" src=\"https:\/\/cejc-madrid.org\/wp-content\/uploads\/2019\/09\/Arbol_de_Jese.jpg\" alt=\"\u00c1rbol de Jes\u00e9\" width=\"423\" height=\"508\" \/><\/p>\n<p style=\"text-align: center;\"><span style=\"font-size: 18pt;\"><strong style=\"color: #b01111;\">\u201cGrandes personalidades jud\u00edas y cristianas a lo largo de la Historia. II\u201d<\/strong><\/span><\/p>\n<p>&nbsp;<\/p>\n<p><span style=\"font-size: 12pt;\"><strong>Apertura del curso<\/strong>:<\/span><\/p>\n<p><span style=\"font-size: 12pt;\">MI\u00c9RCOLES 6 de noviembre, a las 19:00 h:<\/span><\/p>\n<p><span style=\"font-size: 14pt;\"><strong>Hitos y mitos: Juda\u00edsmo y cristianismo a trav\u00e9s de sus figuras emblem\u00e1ticas<\/strong><\/span><\/p>\n<p><span style=\"font-size: 14pt;\"><strong style=\"color: #5684e6;\">Dr. Luis Vegas Montaner &#8211; Universidad Complutense<\/strong><\/span><\/p>\n<p><span style=\"font-size: 12pt; color: #b01111;\">Lugar: Ser\u00e1 anunciado oportunamente.<\/span><\/p>\n<p>&nbsp;<\/p>\n<p><span style=\"text-decoration: underline;\"><span style=\"font-size: 14pt;\"><strong>NOVIEMBRE<\/strong><\/span><\/span><\/p>\n<p><span style=\"font-size: 12pt;\">Mi\u00e9rcoles 13:<\/span><\/p>\n<p><span style=\"font-size: 14pt;\"><strong>Justino m\u00e1rtir y la \u201cverdadera filosof\u00eda\u201d: Teolog\u00eda apolog\u00e9tica cristiana<\/strong>.<\/span><\/p>\n<p><span style=\"font-size: 14pt;\"><em style=\"color: #5684e6;\">Ldo. Jes\u00fas Zoyo P\u00e9rez &#8211; Universidad San D\u00e1maso<\/em><\/span><\/p>\n<p><span style=\"font-size: 12pt;\">Mi\u00e9rcoles 20:<\/span><\/p>\n<p><span style=\"font-size: 14pt;\"><strong>San Ireneo y el inicio de la teolog\u00eda eclesi\u00e1stica<\/strong><\/span><\/p>\n<p><span style=\"font-size: 14pt;\"><em style=\"color: #5684e6;\">Ldo. Jes\u00fas Delgado Rodr\u00edguez &#8211; Universidad San D\u00e1maso<\/em><\/span><\/p>\n<p><span style=\"font-size: 12pt;\">Mi\u00e9rcoles 27:<\/span><\/p>\n<p><span style=\"font-size: 14pt;\"><strong>Or\u00edgenes y Tertuliano: La interpretaci\u00f3n jud\u00eda de la Biblia<\/strong><\/span><\/p>\n<p><span style=\"font-size: 14pt;\"><em style=\"color: #5684e6;\">Lda. Ana Beatriz Blanco Quintas &#8211; Universidad Complutense<\/em><\/span><\/p>\n<p><span style=\"font-size: 14pt;\"><strong>&nbsp;<\/strong><\/span><\/p>\n<p><span style=\"text-decoration: underline;\"><span style=\"font-size: 14pt;\"><strong>DICIEMBRE<\/strong><\/span><\/span><\/p>\n<p><span style=\"font-size: 12pt;\">Mi\u00e9rcoles 4:<\/span><\/p>\n<p><span style=\"font-size: 14pt;\"><strong>Yehudah ha-Nas\u00ed y la elaboraci\u00f3n de la Mishn\u00e1<\/strong><\/span><\/p>\n<p><span style=\"font-size: 14pt;\"><em style=\"color: #5684e6;\">Dra. Macarena Garc\u00eda Garc\u00eda &#8211; Universidad Complutense<\/em><\/span><\/p>\n<p><span style=\"font-size: 12pt;\">Mi\u00e9rcoles 11:<\/span><\/p>\n<p><span style=\"font-size: 14pt;\"><strong>Traducciones latinas de la Biblia: San Jer\u00f3nimo y la Vulgata<\/strong><\/span><\/p>\n<p><span style=\"font-size: 14pt;\"><em style=\"color: #5684e6;\">Dr. Julio C. Trebolle Barrera &#8211; Universidad Complutense<\/em><\/span><\/p>\n<p><span style=\"font-size: 12pt;\">Mi\u00e9rcoles 18:<\/span><\/p>\n<p><span style=\"font-size: 14pt;\"><strong>Rav y Samuel: El Talmud de Babilonia<\/strong><\/span><\/p>\n<p><span style=\"font-size: 14pt; color: #5684e6;\"><em>Dr. Luis F. Gir\u00f3n Blanc <\/em>&#8211; Universidad Complutense<\/span><\/p>\n<p>&nbsp;<\/p>\n<p><span style=\"text-decoration: underline;\"><span style=\"font-size: 14pt;\"><strong>ENERO<\/strong><\/span><\/span><\/p>\n<p><span style=\"font-size: 12pt;\">Mi\u00e9rcoles 15:<\/span><\/p>\n<p><span style=\"font-size: 14pt;\"><strong>Efr\u00e9n de Siria y los Padres Orientales<\/strong><\/span><\/p>\n<p><span style=\"font-size: 14pt;\"><em style=\"color: #5684e6;\">Ldo. Luis Flamenco Garc\u00eda &#8211; Universidad San D\u00e1maso<\/em><\/span><\/p>\n<p><span style=\"font-size: 12pt;\">Mi\u00e9rcoles 22:<\/span><\/p>\n<p><span style=\"font-size: 14pt;\"><strong>Juan Cris\u00f3stomo y el mundo jud\u00edo<\/strong><\/span><\/p>\n<p><span style=\"font-size: 14pt;\"><em style=\"color: #5684e6;\">Dr. Marek Raczkiewicz &#8211; Universidad San D\u00e1maso<\/em><\/span><\/p>\n<p><span style=\"font-size: 12pt;\">Mi\u00e9rcoles 29:<\/span><\/p>\n<p><span style=\"font-size: 14pt;\"><strong>Cine F\u00f3rum<\/strong><strong>: Conmemoraci\u00f3n de la Shoa<\/strong><\/span><\/p>\n<p><span style=\"font-size: 14pt;\"><em style=\"color: #5684e6;\">D\u00f1a. Marina Lara Rodr\u00edguez &#8211; CEJC<\/em><\/span><\/p>\n<p>&nbsp;<\/p>\n<p><span style=\"text-decoration: underline;\"><span style=\"font-size: 14pt;\"><strong>FEBRERO<\/strong><\/span><\/span><\/p>\n<p><span style=\"font-size: 12pt;\">Mi\u00e9rcoles 5:<\/span><\/p>\n<p><span style=\"font-size: 14pt;\"><strong>Ambrosio de Mil\u00e1n, maestro de vida, y la cultura cristiana <\/strong><\/span><\/p>\n<p><span style=\"font-size: 14pt;\"><em style=\"color: #5684e6;\">Dr. Manuel J. Crespo Losada &#8211; Universidad San D\u00e1maso<\/em><\/span><\/p>\n<p><span style=\"font-size: 12pt;\">Mi\u00e9rcoles 12:<\/span><\/p>\n<p><span style=\"font-size: 14pt;\"><strong>Inicio del Monacato: San Pacomio<\/strong><\/span><\/p>\n<p><span style=\"font-size: 14pt; color: #5684e6;\"><em>Archimandrita Demetrio <\/em>&#8211; <em>Patriarcado Ec. Constantinopla<\/em><\/span><\/p>\n<p><span style=\"font-size: 12pt;\">Mi\u00e9rcoles 19:&nbsp;<\/span><\/p>\n<p><span style=\"font-size: 14pt;\"><strong>Cluny y el C\u00edster: Espiritualidad, sabidur\u00eda y renovaci\u00f3n eclesi\u00e1stica<\/strong><\/span><\/p>\n<p><span style=\"font-size: 14pt; color: #5684e6;\"><em>Dr. Alejandro Rodr\u00edguez de la Pe\u00f1a <\/em>&#8211; <em>Universidad S. Pablo-CEU<\/em><\/span><\/p>\n<p><span style=\"font-size: 12pt;\">Mi\u00e9rcoles 26:&nbsp;<\/span><\/p>\n<p><span style=\"font-size: 14pt;\"><strong>Pico de la Mirandola: Un caso de C\u00e1bala y Humanismo cristianos<\/strong><\/span><\/p>\n<p><span style=\"font-size: 14pt; color: #5684e6;\"><em>Dra. Cayetana Johnson<\/em> <em>&#8211; Universidad San D\u00e1maso<\/em><\/span><\/p>\n<p>&nbsp;<\/p>\n<p><span style=\"text-decoration: underline;\"><span style=\"font-size: 14pt;\"><strong>MARZO<\/strong><\/span><\/span><\/p>\n<p><span style=\"font-size: 12pt;\">Mi\u00e9rcoles 4:<\/span><\/p>\n<p><span style=\"font-size: 14pt;\"><strong>Cine F\u00f3rum<\/strong><strong>: \u201cBecket\u201d, en el contexto de la Guerra de las Investiduras<\/strong><\/span><\/p>\n<p><span style=\"font-size: 14pt;\"><em style=\"color: #5684e6;\">D\u00f1a. Marina Lara Rodr\u00edguez &#8211; CEJC<\/em><\/span><\/p>\n<p><span style=\"font-size: 12pt;\">Mi\u00e9rcoles 11:<\/span><\/p>\n<p><span style=\"font-size: 14pt;\"><strong>Rashi: Gran comentarista de la Biblia y del Talmud<\/strong><\/span><\/p>\n<p><span style=\"font-size: 14pt; color: #5684e6;\"><em>Dr. Elio Passeto <\/em>&#8211; <em>Instituto Ratisbonne Jerusalem<\/em><\/span><\/p>\n<p><span style=\"font-size: 12pt;\">Mi\u00e9rcoles 18:<\/span><\/p>\n<p><span style=\"font-size: 14pt;\"><strong>Maim\u00f3nides: Su vida, su obra y su tiempo <\/strong><\/span><\/p>\n<p><span style=\"font-size: 14pt; color: #5684e6;\"><em>Dr. Rafael Ram\u00f3n Guerrero <\/em>&#8211; <em>Universidad Complutense<\/em><\/span><\/p>\n<p><span style=\"font-size: 12pt;\">Mi\u00e9rcoles 25:<\/span><\/p>\n<p><span style=\"font-size: 14pt;\"><strong>Tom\u00e1s de Aquino, maestro de vida y de pensamiento para una Europa en transformaci\u00f3n<\/strong><\/span><\/p>\n<p><span style=\"font-size: 14pt; color: #5684e6;\"><em>Dr. Javier Prades L\u00f3pez <\/em>&#8211; <em>Universidad San D\u00e1maso<\/em><\/span><\/p>\n<p>&nbsp;<\/p>\n<p><span style=\"text-decoration: underline;\"><span style=\"font-size: 14pt;\"><strong>ABRIL<\/strong><\/span><\/span><\/p>\n<p><span style=\"font-size: 12pt;\">Mi\u00e9rcoles 1:<\/span><\/p>\n<p><span style=\"font-size: 14pt;\"><strong>Benjam\u00edn de Tudela<\/strong><\/span><\/p>\n<p><span style=\"font-size: 14pt;\"><em style=\"color: #5684e6;\">Dr. Enrique Cantera Montenegro &#8211; UNED<\/em><\/span><\/p>\n<p><span style=\"font-size: 12pt;\">Mi\u00e9rcoles 22:<\/span><\/p>\n<p><span style=\"font-size: 14pt;\"><strong>Moshe de Le\u00f3n y la m\u00edstica jud\u00eda<\/strong><\/span><\/p>\n<p><span style=\"font-size: 14pt;\"><em style=\"color: #5684e6;\">Dra. Amparo Alba Cecilia &#8211; Universidad Complutense<\/em><\/span><\/p>\n<p><span style=\"font-size: 12pt;\">Mi\u00e9rcoles 29:<\/span><\/p>\n<p><span style=\"font-size: 14pt;\"><strong>Lutero y la reforma protestante<\/strong><\/span><\/p>\n<p><span style=\"font-size: 14pt; color: #5684e6;\"><em>Dr. Julio D\u00edaz Pi\u00f1eiro <\/em>&#8211; <em>Facultad Protestante de Teolog\u00eda UEBE<\/em><\/span><\/p>\n<p>&nbsp;<\/p>\n<p><span style=\"text-decoration: underline;\"><span style=\"font-size: 14pt;\"><strong>MAYO<\/strong><\/span><\/span><\/p>\n<p><span style=\"font-size: 12pt;\">Mi\u00e9rcoles 6:<\/span><\/p>\n<p><span style=\"font-size: 14pt;\"><strong>Teresa de \u00c1vila y la m\u00edstica cristiana<\/strong><\/span><\/p>\n<p><span style=\"font-size: 14pt; color: #5684e6;\"><em>Dra. Esther Borrego Guti\u00e9rrez <\/em>&#8211; <em>Universidad Complutense<\/em><\/span><\/p>\n<p><span style=\"font-size: 12pt;\">Mi\u00e9rcoles 13:<\/span><\/p>\n<p><span style=\"font-size: 14pt;\"><strong>Baruch Spinoza<\/strong><\/span><\/p>\n<p><span style=\"font-size: 14pt;\"><em style=\"color: #5684e6;\">Dr. Gabriel Albiac &#8211; Universidad Complutense<\/em><\/span><\/p>\n<p><span style=\"font-size: 12pt;\">Mi\u00e9rcoles 20:<\/span><\/p>\n<p><span style=\"font-size: 14pt;\"><strong>Baal Shem Tov y el mundo Has\u00eddico<\/strong><\/span><\/p>\n<p><span style=\"font-size: 14pt;\"><em style=\"color: #5684e6;\">Rav. Pinhas Punturello &#8211; Ibn Gabirol-Estrella Toledano<\/em><\/span><\/p>\n<p>&nbsp;<\/p>\n<p><span style=\"font-size: 12pt;\"><strong>Clausura de curso<\/strong>:<\/span><\/p>\n<p><span style=\"font-size: 12pt;\">MI\u00c9RCOLES 27 de mayo, a las 19:30 h:<\/span><\/p>\n<p><span style=\"font-size: 14pt;\"><strong>De la M\u00edstica al Racionalismo: Un cambio de paradigma<\/strong><\/span><\/p>\n<p><span style=\"font-size: 14pt;\"><strong style=\"color: #5684e6;\">Dr. F. Javier Fern\u00e1ndez Vallina &#8211; Universidad Complutense<\/strong><\/span><\/p>\n<p><span style=\"font-size: 12pt; color: #b01111;\">Lugar: Ser\u00e1 anunciado oportunamente.<\/span><\/p>\n","protected":false},"excerpt":{"rendered":"<p>\u201cGrandes personalidades jud\u00edas y cristianas a lo largo de la Historia. II\u201d &nbsp; Apertura del curso: MI\u00c9RCOLES 6 de noviembre, a las 19:00 h: Hitos y mitos: Juda\u00edsmo y cristianismo a trav\u00e9s de sus figuras emblem\u00e1ticas Dr. Luis Vegas Montaner &#8211; Universidad Complutense Lugar: Ser\u00e1 anunciado oportunamente. &nbsp; NOVIEMBRE Mi\u00e9rcoles 13: Justino m\u00e1rtir y la [&hellip;]<\/p>\n","protected":false},"author":1,"featured_media":575,"comment_status":"open","ping_status":"open","sticky":false,"template":"","format":"standard","meta":{"_et_pb_use_builder":"","_et_pb_old_content":"","_et_gb_content_width":"","footnotes":""},"categories":[239],"tags":[178,179,191,190],"class_list":["post-576","post","type-post","status-publish","format-standard","has-post-thumbnail","hentry","category-conferencias","tag-amistad-judeo-cristiana","tag-dialogo-interreligioso","tag-estudio-biblico","tag-personalidades-biblicas"],"_links":{"self":[{"href":"https:\/\/cejc-madrid.org\/index.php\/wp-json\/wp\/v2\/posts\/576","targetHints":{"allow":["GET"]}}],"collection":[{"href":"https:\/\/cejc-madrid.org\/index.php\/wp-json\/wp\/v2\/posts"}],"about":[{"href":"https:\/\/cejc-madrid.org\/index.php\/wp-json\/wp\/v2\/types\/post"}],"author":[{"embeddable":true,"href":"https:\/\/cejc-madrid.org\/index.php\/wp-json\/wp\/v2\/users\/1"}],"replies":[{"embeddable":true,"href":"https:\/\/cejc-madrid.org\/index.php\/wp-json\/wp\/v2\/comments?post=576"}],"version-history":[{"count":1,"href":"https:\/\/cejc-madrid.org\/index.php\/wp-json\/wp\/v2\/posts\/576\/revisions"}],"predecessor-version":[{"id":2428,"href":"https:\/\/cejc-madrid.org\/index.php\/wp-json\/wp\/v2\/posts\/576\/revisions\/2428"}],"wp:featuredmedia":[{"embeddable":true,"href":"https:\/\/cejc-madrid.org\/index.php\/wp-json\/wp\/v2\/media\/575"}],"wp:attachment":[{"href":"https:\/\/cejc-madrid.org\/index.php\/wp-json\/wp\/v2\/media?parent=576"}],"wp:term":[{"taxonomy":"category","embeddable":true,"href":"https:\/\/cejc-madrid.org\/index.php\/wp-json\/wp\/v2\/categories?post=576"},{"taxonomy":"post_tag","embeddable":true,"href":"https:\/\/cejc-madrid.org\/index.php\/wp-json\/wp\/v2\/tags?post=576"}],"curies":[{"name":"wp","href":"https:\/\/api.w.org\/{rel}","templated":true}]}}