{"id":577,"date":"2019-10-22T09:51:26","date_gmt":"2019-10-22T09:51:26","guid":{"rendered":"https:\/\/upbeat-goodall.82-223-35-84.plesk.page\/index.php\/2019\/10\/22\/olivo-n-89-90\/"},"modified":"2019-10-22T09:51:26","modified_gmt":"2019-10-22T09:51:26","slug":"olivo-n-89-90","status":"publish","type":"post","link":"https:\/\/cejc-madrid.org\/index.php\/2019\/10\/22\/olivo-n-89-90\/","title":{"rendered":"OLIVO N\u00ba 89-90"},"content":{"rendered":"<p>Enero &#8211; Diciembre 2019<\/p>\n<p><strong>Mois\u00e9s y Aar\u00f3n<\/strong> &#8211; Julio Trebolle Barrera &#8211; Universidad Complutense de Madrid<\/p>\n<p><strong>El profeta El\u00edas, heraldo del Mes\u00edas y bienhechor de los pobres<\/strong> &#8211; Amparo Alba Cecilia &#8211; Universidad Complutense de Madrid<\/p>\n<p><strong>David, el rey pastor<\/strong> &#8211; M\u00aa Isabel P\u00e9rez Alonso &#8211; Universidad de Salamanca<\/p>\n<p><strong>D\u00e9bora y Rut: Protagonistas de la historia<\/strong> &#8211; Guadalupe Seijas &#8211; Universidad Complutense de Madrid<\/p>\n<p><strong>\u201cY en Jerusal\u00e9n ser\u00e1 consolados\u201d (Is 66, 13). Isa\u00edas, su visi\u00f3n particular (Israel) y universal (naciones) en el plan de Salvaci\u00f3n<\/strong> &#8211; Marta Garc\u00eda Fern\u00e1ndez &#8211; Universidad Pontificia Comillas<\/p>\n<p><strong>La familia de los Macabeos: \u00bfUn martillo contra la helenizaci\u00f3n?<\/strong> &#8211; E. Macarena Garc\u00eda Garc\u00eda &#8211; Universidad Complutense de Madrid<\/p>\n<p><strong>Herodes el Grande y Flavio Josefo: El contexto geopol\u00edtico del siglo I<\/strong> &#8211; Cayetana H. Johnson &#8211; Universidad San D\u00e1maso<\/p>\n<p><strong>Los santos padres del juda\u00edsmo en formaci\u00f3n (Hilel, Gamliel, Yohan\u00e1n, Aquiba)<\/strong> &#8211; Luis F. Gir\u00f3n Blanc &#8211; Universidad Complutense de Madrid<\/p>\n<p><strong>Jes\u00fas, el jud\u00edo \u00bfQu\u00e9 modelo de mesianismo?<\/strong> &#8211; Rafael Aguirre &#8211; Universidad de Deusto, Bilbao<\/p>\n<p><em>Cr\u00edtica bibliogr\u00e1fica<\/em>:<\/p>\n<p>Vera (Ver\u00f3nica) Nehama, <strong><em>Las turquesas m\u00e1gicas. Cr\u00f3nicas de Sal\u00f3nica<\/em><\/strong>, Madrid, Hebraica Ediciones, 2011 &#8211; Amparo Alba Cecilia<\/p>\n","protected":false},"excerpt":{"rendered":"<p>Enero &#8211; Diciembre 2019 Mois\u00e9s y Aar\u00f3n &#8211; Julio Trebolle Barrera &#8211; Universidad Complutense de Madrid El profeta El\u00edas, heraldo del Mes\u00edas y bienhechor de los pobres &#8211; Amparo Alba Cecilia &#8211; Universidad Complutense de Madrid David, el rey pastor &#8211; M\u00aa Isabel P\u00e9rez Alonso &#8211; Universidad de Salamanca D\u00e9bora y Rut: Protagonistas de la [&hellip;]<\/p>\n","protected":false},"author":1,"featured_media":0,"comment_status":"open","ping_status":"open","sticky":false,"template":"","format":"standard","meta":{"_et_pb_use_builder":"","_et_pb_old_content":"","_et_gb_content_width":"","footnotes":""},"categories":[25],"tags":[],"class_list":["post-577","post","type-post","status-publish","format-standard","hentry","category-revista-qel-olivoq"],"_links":{"self":[{"href":"https:\/\/cejc-madrid.org\/index.php\/wp-json\/wp\/v2\/posts\/577","targetHints":{"allow":["GET"]}}],"collection":[{"href":"https:\/\/cejc-madrid.org\/index.php\/wp-json\/wp\/v2\/posts"}],"about":[{"href":"https:\/\/cejc-madrid.org\/index.php\/wp-json\/wp\/v2\/types\/post"}],"author":[{"embeddable":true,"href":"https:\/\/cejc-madrid.org\/index.php\/wp-json\/wp\/v2\/users\/1"}],"replies":[{"embeddable":true,"href":"https:\/\/cejc-madrid.org\/index.php\/wp-json\/wp\/v2\/comments?post=577"}],"version-history":[{"count":0,"href":"https:\/\/cejc-madrid.org\/index.php\/wp-json\/wp\/v2\/posts\/577\/revisions"}],"wp:attachment":[{"href":"https:\/\/cejc-madrid.org\/index.php\/wp-json\/wp\/v2\/media?parent=577"}],"wp:term":[{"taxonomy":"category","embeddable":true,"href":"https:\/\/cejc-madrid.org\/index.php\/wp-json\/wp\/v2\/categories?post=577"},{"taxonomy":"post_tag","embeddable":true,"href":"https:\/\/cejc-madrid.org\/index.php\/wp-json\/wp\/v2\/tags?post=577"}],"curies":[{"name":"wp","href":"https:\/\/api.w.org\/{rel}","templated":true}]}}