{"id":578,"date":"2019-12-16T09:02:02","date_gmt":"2019-12-16T09:02:02","guid":{"rendered":"https:\/\/upbeat-goodall.82-223-35-84.plesk.page\/index.php\/2019\/12\/16\/circular-217-octubre-diciembre-2019\/"},"modified":"2024-11-27T11:04:49","modified_gmt":"2024-11-27T11:04:49","slug":"circular-217-octubre-diciembre-2019","status":"publish","type":"post","link":"https:\/\/cejc-madrid.org\/index.php\/2019\/12\/16\/circular-217-octubre-diciembre-2019\/","title":{"rendered":"Circular n\u00ba 217 Octubre-Diciembre 2019"},"content":{"rendered":"<p>La circular de este trimestre se acerca a los siguientes temas:<\/p>\n<ul>\n<li>El CEJC inaugura su Curso Acad\u00e9mico 2019\/2020.<\/li>\n<li>Madrid acoge el encuentro \u2018Paz sin Fronteras\u2019.<\/li>\n<li>Reuni\u00f3n del Papa Francisco y la Fundaci\u00f3n Hispanojud\u00eda.<\/li>\n<li>Amparo Alba, nueva acad\u00e9mica de n\u00famero en la Real Academia de la Historia.<\/li>\n<li>El Parlamento de la UE se compromete a combatir el antisemitismo.<\/li>\n<li>Rafael V\u00e1zquez, nuevo director del Secretariado de la Comisi\u00f3n Episcopal de Relaciones Interconfesionales.<\/li>\n<li>San Juan Pablo II es propuesto para ser Doctor de la Iglesia.<\/li>\n<li>La RAE crea la Academia del Judeoespa\u00f1ol.<\/li>\n<li>Descubierta una ciudad cananea con 5.000 a\u00f1os de antig\u00fcedad.<\/li>\n<li>El Papa nombra nuevo nuncio apost\u00f3lico a Monse\u00f1or Bernardito Auza.<\/li>\n<li>Inaugurado el Centro Europeo para el Juda\u00edsmo en Par\u00eds.<\/li>\n<li>Latinoam\u00e9rica destaca entre los 127 mil sefard\u00edes que han reclamado la nacionalidad espa\u00f1ola.<\/li>\n<li>\u2018Si no se tiene en cuenta a las religiones, no habr\u00e1 paz\u2019.<\/li>\n<li>La Biblia Kennicott podr\u00e1 verse por primera vez en Espa\u00f1a cinco siglos despu\u00e9s de su salida.<\/li>\n<li>El Gobierno alem\u00e1n toma medidas tras una oleada de ataques y amenazas xen\u00f3fobas.<\/li>\n<li>El Papa Francisco denuncia que se vuelve a perseguir a los jud\u00edos.<\/li>\n<li>Israel busca convertir el hidr\u00f3geno en el combustible del futuro.<\/li>\n<li>Noticias del CEJC.<\/li>\n<\/ul>\n","protected":false},"excerpt":{"rendered":"<p>La circular de este trimestre se acerca a los siguientes temas: El CEJC inaugura su Curso Acad\u00e9mico 2019\/2020. Madrid acoge el encuentro \u2018Paz sin Fronteras\u2019. Reuni\u00f3n del Papa Francisco y la Fundaci\u00f3n Hispanojud\u00eda. Amparo Alba, nueva acad\u00e9mica de n\u00famero en la Real Academia de la Historia. El Parlamento de la UE se compromete a combatir [&hellip;]<\/p>\n","protected":false},"author":1,"featured_media":2545,"comment_status":"open","ping_status":"open","sticky":false,"template":"","format":"standard","meta":{"_et_pb_use_builder":"","_et_pb_old_content":"","_et_gb_content_width":"","footnotes":""},"categories":[4],"tags":[],"class_list":["post-578","post","type-post","status-publish","format-standard","has-post-thumbnail","hentry","category-circular"],"_links":{"self":[{"href":"https:\/\/cejc-madrid.org\/index.php\/wp-json\/wp\/v2\/posts\/578","targetHints":{"allow":["GET"]}}],"collection":[{"href":"https:\/\/cejc-madrid.org\/index.php\/wp-json\/wp\/v2\/posts"}],"about":[{"href":"https:\/\/cejc-madrid.org\/index.php\/wp-json\/wp\/v2\/types\/post"}],"author":[{"embeddable":true,"href":"https:\/\/cejc-madrid.org\/index.php\/wp-json\/wp\/v2\/users\/1"}],"replies":[{"embeddable":true,"href":"https:\/\/cejc-madrid.org\/index.php\/wp-json\/wp\/v2\/comments?post=578"}],"version-history":[{"count":1,"href":"https:\/\/cejc-madrid.org\/index.php\/wp-json\/wp\/v2\/posts\/578\/revisions"}],"predecessor-version":[{"id":2546,"href":"https:\/\/cejc-madrid.org\/index.php\/wp-json\/wp\/v2\/posts\/578\/revisions\/2546"}],"wp:featuredmedia":[{"embeddable":true,"href":"https:\/\/cejc-madrid.org\/index.php\/wp-json\/wp\/v2\/media\/2545"}],"wp:attachment":[{"href":"https:\/\/cejc-madrid.org\/index.php\/wp-json\/wp\/v2\/media?parent=578"}],"wp:term":[{"taxonomy":"category","embeddable":true,"href":"https:\/\/cejc-madrid.org\/index.php\/wp-json\/wp\/v2\/categories?post=578"},{"taxonomy":"post_tag","embeddable":true,"href":"https:\/\/cejc-madrid.org\/index.php\/wp-json\/wp\/v2\/tags?post=578"}],"curies":[{"name":"wp","href":"https:\/\/api.w.org\/{rel}","templated":true}]}}