{"id":580,"date":"2020-03-06T10:08:49","date_gmt":"2020-03-06T10:08:49","guid":{"rendered":"https:\/\/upbeat-goodall.82-223-35-84.plesk.page\/index.php\/2020\/03\/06\/el-arzobispado-de-madrid-impulsa-el-proyecto-repara\/"},"modified":"2020-03-06T10:08:49","modified_gmt":"2020-03-06T10:08:49","slug":"el-arzobispado-de-madrid-impulsa-el-proyecto-repara","status":"publish","type":"post","link":"https:\/\/cejc-madrid.org\/index.php\/2020\/03\/06\/el-arzobispado-de-madrid-impulsa-el-proyecto-repara\/","title":{"rendered":"El Arzobispado de Madrid impulsa el Proyecto Repara"},"content":{"rendered":"<p>El Arzobispado de Madrid pone en marcha el&nbsp;<a href=\"https:\/\/www.archimadrid.org\/index.php?option=com_acymailing&amp;ctrl=url&amp;subid=4403&amp;urlid=23163&amp;mailid=18883&amp;Itemid=978\">\u201cProyecto Repara\u201d<\/a>&nbsp;para la prevenci\u00f3n de abusos y la atenci\u00f3n a v\u00edctimas, desde el convencimiento de que estos \u201c<em>suponen una forma inaceptable de cosificaci\u00f3n de las personas y una degradaci\u00f3n moral contraria a la \u00e9tica m\u00e1s elemental y a los valores del Evangelio<\/em>\u201d.<\/p>\n<p>El proyecto, cuyo acr\u00f3nimo hace referencia a&nbsp;REconocimiento,&nbsp;Prevenci\u00f3n,&nbsp;Atenci\u00f3n y&nbsp;Reparaci\u00f3n a v\u00edctimas de&nbsp;Abusos. Lo m\u00e1s novedoso es que va a prestar una atenci\u00f3n abierta a cualquier persona que haya sido v\u00edctima de abusos, con independencia de qui\u00e9n haya sido el agresor y de si pertenece o no a la Iglesia cat\u00f3lica. Con ello, se quiere dar un servicio a la sociedad madrile\u00f1a y a todas las v\u00edctimas desde el repudio a una pr\u00e1ctica execrable generadora de un sufrimiento infinito. La Iglesia pretende as\u00ed hacer patente su firme compromiso en favor de una cultura basada en los valores, el cuidado y el buen trato.<\/p>\n<p>La atenci\u00f3n ha arrancado ya en un espacio propio externo a la Curia. Ubicado en la calle de Santa Hortensia, 5, 1\u00aa planta, se puede acudir a \u00e9l los lunes de 11 a 13:30 h y los mi\u00e9rcoles de 16:30 a 19 h. Adem\u00e1s, se han habilitado el tel\u00e9fono 618304666 y el correo&nbsp;<a href=\"mailto:atencionrepara@archimadrid.es\">atencionrepara@archimadrid.es<\/a>.<\/p>\n","protected":false},"excerpt":{"rendered":"<p>El Arzobispado de Madrid pone en marcha el&nbsp;\u201cProyecto Repara\u201d&nbsp;para la prevenci\u00f3n de abusos y la atenci\u00f3n a v\u00edctimas, desde el convencimiento de que estos \u201csuponen una forma inaceptable de cosificaci\u00f3n de las personas y una degradaci\u00f3n moral contraria a la \u00e9tica m\u00e1s elemental y a los valores del Evangelio\u201d. El proyecto, cuyo acr\u00f3nimo hace referencia [&hellip;]<\/p>\n","protected":false},"author":1,"featured_media":0,"comment_status":"open","ping_status":"open","sticky":false,"template":"","format":"standard","meta":{"_et_pb_use_builder":"","_et_pb_old_content":"","_et_gb_content_width":"","footnotes":""},"categories":[1],"tags":[44,194,195],"class_list":["post-580","post","type-post","status-publish","format-standard","hentry","category-uncategorized","tag-arzobispado-de-madrid","tag-atencion-a-las-victimas-de-abusos","tag-prevencion-de-abusos"],"_links":{"self":[{"href":"https:\/\/cejc-madrid.org\/index.php\/wp-json\/wp\/v2\/posts\/580","targetHints":{"allow":["GET"]}}],"collection":[{"href":"https:\/\/cejc-madrid.org\/index.php\/wp-json\/wp\/v2\/posts"}],"about":[{"href":"https:\/\/cejc-madrid.org\/index.php\/wp-json\/wp\/v2\/types\/post"}],"author":[{"embeddable":true,"href":"https:\/\/cejc-madrid.org\/index.php\/wp-json\/wp\/v2\/users\/1"}],"replies":[{"embeddable":true,"href":"https:\/\/cejc-madrid.org\/index.php\/wp-json\/wp\/v2\/comments?post=580"}],"version-history":[{"count":0,"href":"https:\/\/cejc-madrid.org\/index.php\/wp-json\/wp\/v2\/posts\/580\/revisions"}],"wp:attachment":[{"href":"https:\/\/cejc-madrid.org\/index.php\/wp-json\/wp\/v2\/media?parent=580"}],"wp:term":[{"taxonomy":"category","embeddable":true,"href":"https:\/\/cejc-madrid.org\/index.php\/wp-json\/wp\/v2\/categories?post=580"},{"taxonomy":"post_tag","embeddable":true,"href":"https:\/\/cejc-madrid.org\/index.php\/wp-json\/wp\/v2\/tags?post=580"}],"curies":[{"name":"wp","href":"https:\/\/api.w.org\/{rel}","templated":true}]}}