{"id":582,"date":"2020-03-12T15:31:58","date_gmt":"2020-03-12T15:31:58","guid":{"rendered":"https:\/\/upbeat-goodall.82-223-35-84.plesk.page\/index.php\/2020\/03\/12\/circular-218-enero-marzo-2020\/"},"modified":"2024-11-27T11:04:10","modified_gmt":"2024-11-27T11:04:10","slug":"circular-218-enero-marzo-2020","status":"publish","type":"post","link":"https:\/\/cejc-madrid.org\/index.php\/2020\/03\/12\/circular-218-enero-marzo-2020\/","title":{"rendered":"Circular n\u00ba 218 Enero-Marzo 2020"},"content":{"rendered":"<p>La circular de este trimestre se acerca a los siguientes temas:<\/p>\n<ul>\n<li>El CEJC celebra la fiesta de Nuestra Se\u00f1ora de Si\u00f3n.<\/li>\n<li>La Asamblea de Madrid, el Senado y el Ayuntamiento de la capital rinden homenaje a las v\u00edctimas del Holocausto.<\/li>\n<li>Los l\u00edderes mundiales recuerdan la Shoa.<\/li>\n<li>Israel lucha contra el nuevo \u2018coronavirus\u2019.<\/li>\n<li>Akim, por el bienestar de los discapacitados intelectuales.<\/li>\n<li>Un f\u00edsico espa\u00f1ol gana el premio Wolf.<\/li>\n<li>La poblaci\u00f3n cristiana sigue creciendo en Israel.<\/li>\n<li>CMI condena la violencia en Burkina Faso y Camer\u00fan.<\/li>\n<li>Presentaci\u00f3n del libro \u2018Jud\u00edos y Cristianos\u2019, de Benedicto XVI.<\/li>\n<li>El Papa tambi\u00e9n considera un \u2018deber\u2019 la memoria del Holocausto.<\/li>\n<li>Hallan un templo cananeo de 3.000 a\u00f1os de antig\u00fcedad en Israel.<\/li>\n<li>Senadora sobreviviente del Holocausto recibe el \u2018honoris causa\u2019.<\/li>\n<li>El Arzobispado de Madrid impulsa el \u2018Proyecto Repara\u2019.<\/li>\n<li>Una familia jud\u00eda alemana recupera una obra confiscada por los nazis.<\/li>\n<li>Antisemitismo en el Carnaval de B\u00e9lgica.<\/li>\n<li>Una polic\u00eda israel\u00ed como s\u00edmbolo de diversidad.<\/li>\n<li>Las iglesias profanadas de Chile.<\/li>\n<li>Noticias del CEJC.<\/li>\n<\/ul>\n","protected":false},"excerpt":{"rendered":"<p>La circular de este trimestre se acerca a los siguientes temas: El CEJC celebra la fiesta de Nuestra Se\u00f1ora de Si\u00f3n. La Asamblea de Madrid, el Senado y el Ayuntamiento de la capital rinden homenaje a las v\u00edctimas del Holocausto. Los l\u00edderes mundiales recuerdan la Shoa. Israel lucha contra el nuevo \u2018coronavirus\u2019. Akim, por el [&hellip;]<\/p>\n","protected":false},"author":1,"featured_media":2543,"comment_status":"open","ping_status":"open","sticky":false,"template":"","format":"standard","meta":{"_et_pb_use_builder":"","_et_pb_old_content":"","_et_gb_content_width":"","footnotes":""},"categories":[4],"tags":[199,44,179,185,127,126],"class_list":["post-582","post","type-post","status-publish","format-standard","has-post-thumbnail","hentry","category-circular","tag-amistad-judeocristiana","tag-arzobispado-de-madrid","tag-dialogo-interreligioso","tag-ecumenismo","tag-holocausto","tag-shoa"],"_links":{"self":[{"href":"https:\/\/cejc-madrid.org\/index.php\/wp-json\/wp\/v2\/posts\/582","targetHints":{"allow":["GET"]}}],"collection":[{"href":"https:\/\/cejc-madrid.org\/index.php\/wp-json\/wp\/v2\/posts"}],"about":[{"href":"https:\/\/cejc-madrid.org\/index.php\/wp-json\/wp\/v2\/types\/post"}],"author":[{"embeddable":true,"href":"https:\/\/cejc-madrid.org\/index.php\/wp-json\/wp\/v2\/users\/1"}],"replies":[{"embeddable":true,"href":"https:\/\/cejc-madrid.org\/index.php\/wp-json\/wp\/v2\/comments?post=582"}],"version-history":[{"count":1,"href":"https:\/\/cejc-madrid.org\/index.php\/wp-json\/wp\/v2\/posts\/582\/revisions"}],"predecessor-version":[{"id":2544,"href":"https:\/\/cejc-madrid.org\/index.php\/wp-json\/wp\/v2\/posts\/582\/revisions\/2544"}],"wp:featuredmedia":[{"embeddable":true,"href":"https:\/\/cejc-madrid.org\/index.php\/wp-json\/wp\/v2\/media\/2543"}],"wp:attachment":[{"href":"https:\/\/cejc-madrid.org\/index.php\/wp-json\/wp\/v2\/media?parent=582"}],"wp:term":[{"taxonomy":"category","embeddable":true,"href":"https:\/\/cejc-madrid.org\/index.php\/wp-json\/wp\/v2\/categories?post=582"},{"taxonomy":"post_tag","embeddable":true,"href":"https:\/\/cejc-madrid.org\/index.php\/wp-json\/wp\/v2\/tags?post=582"}],"curies":[{"name":"wp","href":"https:\/\/api.w.org\/{rel}","templated":true}]}}