{"id":583,"date":"2020-06-17T09:25:39","date_gmt":"2020-06-17T09:25:39","guid":{"rendered":"https:\/\/upbeat-goodall.82-223-35-84.plesk.page\/index.php\/2020\/06\/17\/circular-219-abril-junio-2020\/"},"modified":"2024-11-27T11:00:29","modified_gmt":"2024-11-27T11:00:29","slug":"circular-219-abril-junio-2020","status":"publish","type":"post","link":"https:\/\/cejc-madrid.org\/index.php\/2020\/06\/17\/circular-219-abril-junio-2020\/","title":{"rendered":"Circular n\u00ba 219 Abril-Junio 2020"},"content":{"rendered":"<p>La circular de este trimestre se acerca a los siguientes temas:<\/p>\n<ul>\n<li>El CEJC clausura \u2018online\u2019 su Curso Acad\u00e9mico 2019\/2020.<\/li>\n<li>Cristianos, jud\u00edos y musulmanes se felicitan por Pascua y Ramad\u00e1n.<\/li>\n<li>Israel record\u00f3 la Sho\u00e1 en plena pandemia.<\/li>\n<li>Reuni\u00f3n de secretarios generales de las Conferencias Episcopales de Latinoam\u00e9rica, Italia y Espa\u00f1a.<\/li>\n<li>Isaac Benzaqu\u00e9n, nuevo Presidente de la FCJE.<\/li>\n<li>Misa por los fallecidos y enfermos de Covid-19 del cardenal Osoro.<\/li>\n<li>Encuentro en Jerusal\u00e9n de l\u00edderes religiosos unidos en un solo rezo.<\/li>\n<li>\u2018La vida despu\u00e9s de la pandemia\u2019, libro del Papa sobre la era post-Covid-19.<\/li>\n<li>EEUU registr\u00f3 en 2019 el nivel m\u00e1s alto de incidentes antisemitas.<\/li>\n<li>Mart\u00ednez-Almeida agradece la \u2018insustituible\u2019 labor de C\u00e1ritas Diocesana de Madrid y de los sacerdotes.<\/li>\n<li>Se publican 26 millones de documentos sobre v\u00edctimas de los nazis.<\/li>\n<li>El Papa instituye la Fundaci\u00f3n Vaticana Juan Pablo I.<\/li>\n<li>Descubren textos \u2018invisibles\u2019 en los manuscritos del Mar Muerto.<\/li>\n<li>Una iglesia mexicana denuncia amenazas a sacerdotes.<\/li>\n<li>Incendian un lugar sagrado del juda\u00edsmo.<\/li>\n<li>Jornada por los afectados de Covid-19 en las di\u00f3cesis.<\/li>\n<li>Una mujer \u00e1rabe dirige la lucha contra la Covid-19 en un hospital israel\u00ed.<\/li>\n<li>25 aniversario de la Enc\u00edclica de Juan Pablo II sobre la unidad de los cristianos.<\/li>\n<li>Noticias del Centro.<\/li>\n<\/ul>\n","protected":false},"excerpt":{"rendered":"<p>La circular de este trimestre se acerca a los siguientes temas: El CEJC clausura \u2018online\u2019 su Curso Acad\u00e9mico 2019\/2020. Cristianos, jud\u00edos y musulmanes se felicitan por Pascua y Ramad\u00e1n. Israel record\u00f3 la Sho\u00e1 en plena pandemia. Reuni\u00f3n de secretarios generales de las Conferencias Episcopales de Latinoam\u00e9rica, Italia y Espa\u00f1a. Isaac Benzaqu\u00e9n, nuevo Presidente de la [&hellip;]<\/p>\n","protected":false},"author":1,"featured_media":2541,"comment_status":"open","ping_status":"open","sticky":false,"template":"","format":"standard","meta":{"_et_pb_use_builder":"","_et_pb_old_content":"","_et_gb_content_width":"","footnotes":""},"categories":[4],"tags":[178,200,179,185],"class_list":["post-583","post","type-post","status-publish","format-standard","has-post-thumbnail","hentry","category-circular","tag-amistad-judeo-cristiana","tag-comunidades-judias-de-espana","tag-dialogo-interreligioso","tag-ecumenismo"],"_links":{"self":[{"href":"https:\/\/cejc-madrid.org\/index.php\/wp-json\/wp\/v2\/posts\/583","targetHints":{"allow":["GET"]}}],"collection":[{"href":"https:\/\/cejc-madrid.org\/index.php\/wp-json\/wp\/v2\/posts"}],"about":[{"href":"https:\/\/cejc-madrid.org\/index.php\/wp-json\/wp\/v2\/types\/post"}],"author":[{"embeddable":true,"href":"https:\/\/cejc-madrid.org\/index.php\/wp-json\/wp\/v2\/users\/1"}],"replies":[{"embeddable":true,"href":"https:\/\/cejc-madrid.org\/index.php\/wp-json\/wp\/v2\/comments?post=583"}],"version-history":[{"count":1,"href":"https:\/\/cejc-madrid.org\/index.php\/wp-json\/wp\/v2\/posts\/583\/revisions"}],"predecessor-version":[{"id":2542,"href":"https:\/\/cejc-madrid.org\/index.php\/wp-json\/wp\/v2\/posts\/583\/revisions\/2542"}],"wp:featuredmedia":[{"embeddable":true,"href":"https:\/\/cejc-madrid.org\/index.php\/wp-json\/wp\/v2\/media\/2541"}],"wp:attachment":[{"href":"https:\/\/cejc-madrid.org\/index.php\/wp-json\/wp\/v2\/media?parent=583"}],"wp:term":[{"taxonomy":"category","embeddable":true,"href":"https:\/\/cejc-madrid.org\/index.php\/wp-json\/wp\/v2\/categories?post=583"},{"taxonomy":"post_tag","embeddable":true,"href":"https:\/\/cejc-madrid.org\/index.php\/wp-json\/wp\/v2\/tags?post=583"}],"curies":[{"name":"wp","href":"https:\/\/api.w.org\/{rel}","templated":true}]}}