{"id":584,"date":"2020-10-08T07:34:16","date_gmt":"2020-10-08T07:34:16","guid":{"rendered":"https:\/\/upbeat-goodall.82-223-35-84.plesk.page\/index.php\/2020\/10\/08\/olivo-n-91-92\/"},"modified":"2020-10-08T07:34:16","modified_gmt":"2020-10-08T07:34:16","slug":"olivo-n-91-92","status":"publish","type":"post","link":"https:\/\/cejc-madrid.org\/index.php\/2020\/10\/08\/olivo-n-91-92\/","title":{"rendered":"OLIVO N\u00ba 91-92"},"content":{"rendered":"<p>Enero &#8211; Diciembre 2020<\/p>\n<p><strong>Hitos y mitos: juda\u00edsmo y cristianismo&nbsp;<\/strong><strong>a trav\u00e9s de sus figuras emblem\u00e1ticas <\/strong>&#8211;&nbsp;Luis Vegas Montaner &#8211; Universidad Complutense de Madrid<\/p>\n<p><strong>Abominaci\u00f3n, exterminio y compasi\u00f3n.&nbsp;<\/strong><strong>Reflexiones en torno a la religi\u00f3n y la violencia&nbsp;<\/strong><strong>en el mundo antiguo y medieval <\/strong>&#8211;&nbsp;Manuel Alejandro Rodr\u00edguez de la Pe\u00f1a y&nbsp;Mar\u00eda del Mar Gabald\u00f3n Mart\u00ednez &#8211; Universidad CEU San Pablo<\/p>\n<p><strong>Una nueva lectura de Pablo <\/strong>&#8211;<strong>&nbsp;<\/strong>Elio Passeto, nds &#8211; Instituto Saint-Pierre de Sion-Ratisbonne-Israel<\/p>\n<p><strong>Adentr\u00e1ndonos en la Literatura Rab\u00ednica:&nbsp;<\/strong><strong>Yehud\u00e1 Ha-Nas\u00ed y la compilaci\u00f3n de la Misn\u00e1<\/strong> &#8211;&nbsp;Macarena Garc\u00eda Garc\u00eda &#8211;&nbsp;Universidad Complutense de Madrid<\/p>\n<p><strong>Justino m\u00e1rtir y la verdadera filosof\u00eda.&nbsp;<\/strong><strong>La literatura apolog\u00e9tica cristiana <\/strong>&#8211;&nbsp;Jos\u00e9 Zoyo P\u00e9rez &#8211; Universidad San D\u00e1maso<\/p>\n<p><strong>Ambrosio de Mil\u00e1n, maestro de vida<\/strong> &#8211;&nbsp;Manuel Jos\u00e9 Crespo Losada &#8211;&nbsp;Universidad San D\u00e1maso<\/p>\n<p><strong>Mosh\u00e9 de Le\u00f3n y la C\u00e1bala Cl\u00e1sica <\/strong>&#8211;<strong>&nbsp;<\/strong>Amparo Alba &#8211;&nbsp;Universidad Complutense de Madrid<\/p>\n<p><strong>Lutero y la reforma protestante<\/strong> &#8211;&nbsp;Julio D\u00edaz Pi\u00f1eiro &#8211; Facultad Protestante de Teolog\u00eda UEBE<\/p>\n<p><strong>Pico de la Mir\u00e1ndola: U<\/strong><strong>n caso de c\u00e1bala y humanismo cristianos<\/strong> &#8211;&nbsp;Cayetana H. Johnson &#8211; Universidad San D\u00e1maso<\/p>\n<p><em>Cr\u00edtica bibliogr\u00e1fica<\/em>:<\/p>\n<p>Montserrat Abumalham Mas, <em><strong>Todos extra\u00f1os<\/strong><\/em>, Murcia, Ed. Tirano Banderas, 2019 &#8211; Luis F. Gir\u00f3n Blanc<\/p>\n<p>Juan Agust\u00edn Blasco Carb\u00f3, <em><strong>Se\u00f1or doctor. Biograf\u00eda de Janusk Korczak<\/strong><\/em>, Zaragoza, Certeza-Riopiedras, 2019 &#8211; Mar\u00eda Luisa Mariana Fern\u00e1ndez<\/p>\n","protected":false},"excerpt":{"rendered":"<p>Enero &#8211; Diciembre 2020 Hitos y mitos: juda\u00edsmo y cristianismo&nbsp;a trav\u00e9s de sus figuras emblem\u00e1ticas &#8211;&nbsp;Luis Vegas Montaner &#8211; Universidad Complutense de Madrid Abominaci\u00f3n, exterminio y compasi\u00f3n.&nbsp;Reflexiones en torno a la religi\u00f3n y la violencia&nbsp;en el mundo antiguo y medieval &#8211;&nbsp;Manuel Alejandro Rodr\u00edguez de la Pe\u00f1a y&nbsp;Mar\u00eda del Mar Gabald\u00f3n Mart\u00ednez &#8211; Universidad CEU San [&hellip;]<\/p>\n","protected":false},"author":1,"featured_media":0,"comment_status":"open","ping_status":"open","sticky":false,"template":"","format":"standard","meta":{"_et_pb_use_builder":"","_et_pb_old_content":"","_et_gb_content_width":"","footnotes":""},"categories":[25],"tags":[],"class_list":["post-584","post","type-post","status-publish","format-standard","hentry","category-revista-qel-olivoq"],"_links":{"self":[{"href":"https:\/\/cejc-madrid.org\/index.php\/wp-json\/wp\/v2\/posts\/584","targetHints":{"allow":["GET"]}}],"collection":[{"href":"https:\/\/cejc-madrid.org\/index.php\/wp-json\/wp\/v2\/posts"}],"about":[{"href":"https:\/\/cejc-madrid.org\/index.php\/wp-json\/wp\/v2\/types\/post"}],"author":[{"embeddable":true,"href":"https:\/\/cejc-madrid.org\/index.php\/wp-json\/wp\/v2\/users\/1"}],"replies":[{"embeddable":true,"href":"https:\/\/cejc-madrid.org\/index.php\/wp-json\/wp\/v2\/comments?post=584"}],"version-history":[{"count":0,"href":"https:\/\/cejc-madrid.org\/index.php\/wp-json\/wp\/v2\/posts\/584\/revisions"}],"wp:attachment":[{"href":"https:\/\/cejc-madrid.org\/index.php\/wp-json\/wp\/v2\/media?parent=584"}],"wp:term":[{"taxonomy":"category","embeddable":true,"href":"https:\/\/cejc-madrid.org\/index.php\/wp-json\/wp\/v2\/categories?post=584"},{"taxonomy":"post_tag","embeddable":true,"href":"https:\/\/cejc-madrid.org\/index.php\/wp-json\/wp\/v2\/tags?post=584"}],"curies":[{"name":"wp","href":"https:\/\/api.w.org\/{rel}","templated":true}]}}