{"id":586,"date":"2020-10-08T10:30:20","date_gmt":"2020-10-08T10:30:20","guid":{"rendered":"https:\/\/upbeat-goodall.82-223-35-84.plesk.page\/index.php\/2020\/10\/08\/curso-2020-2021\/"},"modified":"2024-11-14T12:04:43","modified_gmt":"2024-11-14T12:04:43","slug":"curso-2020-2021","status":"publish","type":"post","link":"https:\/\/cejc-madrid.org\/index.php\/2020\/10\/08\/curso-2020-2021\/","title":{"rendered":"Ciclo de Conferencias Curso 2020\/2021"},"content":{"rendered":"<p><img loading=\"lazy\" decoding=\"async\" class=\" size-full wp-image-585\" style=\"display: block; margin-left: auto; margin-right: auto;\" src=\"https:\/\/cejc-madrid.org\/wp-content\/uploads\/2020\/10\/Imagen_programa_2020-2021.jpg\" alt=\"Imagen programa 2020 2021\" width=\"358\" height=\"456\" \/><\/p>\n<p>&nbsp;<\/p>\n<p style=\"text-align: center;\"><span style=\"font-family: helvetica; font-size: 18pt; color: #660099;\">\u201cEl juda\u00edsmo y el cristianismo ante el poder del Estado\u201d (<em>online<\/em>)<\/span><\/p>\n<p>&nbsp;<\/p>\n<p><span style=\"font-family: helvetica;\"><strong>Apertura del Curso (online)<\/strong>:<\/span><\/p>\n<p><span style=\"font-family: helvetica;\">MI\u00c9RCOLES 4 de noviembre, a las 7,00 de la tarde<\/span><\/p>\n<p><span style=\"font-family: helvetica; font-size: 12pt;\"><strong>Juda\u00edsmo y Cristianismo: Experiencia mutua en sus relaciones con el Estado<\/strong><\/span><\/p>\n<p><span style=\"font-family: helvetica; font-size: 12pt;\"><strong style=\"color: #0066ff;\">Dr. Florentino Portero &#8211; Universidad Francisco de Vitoria<\/strong><\/span><\/p>\n<p><span style=\"font-family: helvetica; color: #cc3300;\">Ser\u00e1 transmitida por videoconferencia<\/span><\/p>\n<p>&nbsp;<\/p>\n<p><span style=\"font-family: helvetica;\"><strong>NOVIEMBRE<\/strong><\/span><\/p>\n<p><span style=\"font-family: helvetica;\">Mi\u00e9rcoles 11:<\/span><\/p>\n<p><span style=\"font-family: helvetica;\"><strong>El poder religioso y pol\u00edtico en la monarqu\u00eda del antiguo Israel<\/strong><\/span><\/p>\n<p><span style=\"font-family: helvetica;\"><em style=\"color: #0066ff;\">David Villar Vegas &#8211; Universidad Complutense<\/em><\/span><\/p>\n<p><span style=\"font-family: helvetica;\">Mi\u00e9rcoles 18:<\/span><\/p>\n<p><span style=\"font-family: helvetica;\"><strong>El poder religioso y pol\u00edtico despu\u00e9s del Exilio<\/strong><\/span><\/p>\n<p><span style=\"font-family: helvetica;\"><em style=\"color: #0066ff;\">Dra. Macarena Garc\u00eda &#8211; Universidad Complutense<\/em><\/span><\/p>\n<p><span style=\"font-family: helvetica;\">Mi\u00e9rcoles 25:<\/span><\/p>\n<p><span style=\"font-family: helvetica;\"><strong>La Apocal\u00edptica: Literatura de resistencia frente al poder pol\u00edtico<\/strong><\/span><\/p>\n<p><span style=\"font-family: helvetica;\"><em style=\"color: #0066ff;\">Dr. Jos\u00e9 Ram\u00f3n Busto &#8211; Universidad Pontificia Comillas<\/em><\/span><\/p>\n<p><span style=\"font-family: helvetica;\"><em>&nbsp;<\/em><\/span><\/p>\n<p><span style=\"font-family: helvetica;\"><strong>DICIEMBRE<\/strong><\/span><\/p>\n<p><span style=\"font-family: helvetica;\">Mi\u00e9rcoles 2:<\/span><\/p>\n<p><span style=\"font-family: helvetica;\"><strong>El Imperio Romano y el Juda\u00edsmo<\/strong><\/span><\/p>\n<p><span style=\"font-family: helvetica;\"><em style=\"color: #0066ff;\">Dr. J. Joaqu\u00edn Caerols P\u00e9rez &#8211; Universidad Complutense<\/em><\/span><\/p>\n<p><span style=\"font-family: helvetica;\">Mi\u00e9rcoles 9:<\/span><\/p>\n<p><span style=\"font-family: helvetica;\"><strong>La relaci\u00f3n entre los seguidores de Jes\u00fas y los jud\u00edos frente a Roma desde la destrucci\u00f3n del Templo II<\/strong><\/span><\/p>\n<p><span style=\"font-family: helvetica;\"><em style=\"color: #0066ff;\">Dr. Elio Passeto &#8211; Instituto Ratisbonne Jerusalem<\/em><\/span><\/p>\n<p><span style=\"font-family: helvetica;\">Mi\u00e9rcoles 16:<\/span><\/p>\n<p><span style=\"font-family: helvetica;\"><strong>Los Concilios de Nicea y Constantinopla y su relaci\u00f3n con el poder romano<\/strong><\/span><\/p>\n<p><span style=\"font-family: helvetica;\"><em style=\"color: #0066ff;\">Dr. Alejandro Rodr\u00edguez de la Pe\u00f1a &#8211; Universidad San Pablo CEU<\/em><\/span><\/p>\n<p><span style=\"font-family: helvetica;\"><em>&nbsp;<\/em><\/span><\/p>\n<p><span style=\"font-family: helvetica;\"><strong>ENERO<\/strong><\/span><\/p>\n<p><span style=\"font-family: helvetica;\">Mi\u00e9rcoles 13:<\/span><\/p>\n<p><span style=\"font-family: helvetica;\"><strong>Los Concilios de \u00c9feso y Calcedonia: Los cristianos y el Estado en el imperio bizantino<\/strong><\/span><\/p>\n<p><span style=\"font-family: helvetica;\"><em style=\"color: #0066ff;\">Dr. Alejandro Rodr\u00edguez de la Pe\u00f1a &#8211; Universidad San Pablo CEU<\/em><\/span><\/p>\n<p><span style=\"font-family: helvetica;\">Mi\u00e9rcoles 27:<\/span><\/p>\n<p><span style=\"font-family: helvetica;\"><strong>Cine f\u00f3rum: Conmemoraci\u00f3n de la Shoa<\/strong><\/span><\/p>\n<p><span style=\"font-family: helvetica;\"><em style=\"color: #0066ff;\">D\u00f1a. Marina Lara Rodr\u00edguez &#8211; CEJC<\/em><\/span><\/p>\n<p>&nbsp;<\/p>\n<p><span style=\"font-family: helvetica;\"><strong>FEBRERO<\/strong><\/span><\/p>\n<p><span style=\"font-family: helvetica;\">Mi\u00e9rcoles 3:<\/span><\/p>\n<p><span style=\"font-family: helvetica;\"><strong>El juda\u00edsmo en el imperio bizantino<\/strong><\/span><\/p>\n<p><span style=\"font-family: helvetica;\"><em style=\"color: #0066ff;\">Dr. Mois\u00e9s Orfali &#8211; Universidad Bar-Ilan (Israel)<\/em><\/span><\/p>\n<p><span style=\"font-family: helvetica;\">Mi\u00e9rcoles 10:<\/span><\/p>\n<p><span style=\"font-family: helvetica;\"><strong>Jud\u00edos y cristianos bajo el Islam en la Edad Media<\/strong><\/span><\/p>\n<p><span style=\"font-family: helvetica;\"><em style=\"color: #0066ff;\">Dra. M\u00aa Jes\u00fas Viguera Molins &#8211; Universidad Complutense<\/em><\/span><\/p>\n<p><span style=\"font-family: helvetica;\">Mi\u00e9rcoles 17:<\/span><\/p>\n<p><span style=\"font-family: helvetica;\"><strong>La posici\u00f3n de los sabios de Israel sobre el poder del Estado<\/strong><\/span><\/p>\n<p><span style=\"font-family: helvetica;\"><em style=\"color: #0066ff;\">MA Ethel Barylka &#8211; Education for Impact<\/em><\/span><\/p>\n<p><span style=\"font-family: helvetica;\">Mi\u00e9rcoles 24:<\/span><\/p>\n<p><span style=\"font-family: helvetica;\"><strong>Los or\u00edgenes del Estado moderno: Baja Edad Media<\/strong><\/span><\/p>\n<p><span style=\"font-family: helvetica;\"><em style=\"color: #0066ff;\">Dr. Enrique Cantera Montenegro &#8211; UNED<\/em><\/span><\/p>\n<p><span style=\"font-family: helvetica;\"><em>&nbsp;<\/em><\/span><\/p>\n<p><span style=\"font-family: helvetica;\"><strong>MARZO<\/strong><\/span><\/p>\n<p><span style=\"font-family: helvetica;\">Mi\u00e9rcoles 3:<\/span><\/p>\n<p><span style=\"font-family: helvetica;\"><strong>El pensamiento jur\u00eddico y teol\u00f3gico en la Espa\u00f1a de la Edad Moderna<\/strong><\/span><\/p>\n<p><span style=\"font-family: helvetica;\"><em style=\"color: #0066ff;\">Dra. Consuelo Mart\u00ednez-Sicluna &#8211; Universidad Complutense<\/em><\/span><\/p>\n<p><span style=\"font-family: helvetica;\">Mi\u00e9rcoles 10:<\/span><\/p>\n<p><span style=\"font-family: helvetica;\"><strong>Europa y el Pontificado: \u00bfFueron realmente guerras de religi\u00f3n?<\/strong><\/span><\/p>\n<p><span style=\"font-family: helvetica;\"><em style=\"color: #0066ff;\">Dr. Juan Mar\u00eda Laboa &#8211; Universidad Pontificia Comillas<\/em><\/span><\/p>\n<p><span style=\"font-family: helvetica;\">Mi\u00e9rcoles 17:<\/span><\/p>\n<p><span style=\"font-family: helvetica;\"><strong>Los jud\u00edos bajo los Estados cristianos en Europa Occidental<\/strong><\/span><\/p>\n<p><span style=\"font-family: helvetica;\"><em style=\"color: #0066ff;\">Dr. Jacobo Israel Garz\u00f3n &#8211; Historiador. Presidente de Davar<\/em><\/span><\/p>\n<p><span style=\"font-family: helvetica;\">Mi\u00e9rcoles 24:<\/span><\/p>\n<p><span style=\"font-family: helvetica;\"><strong>La Ilustraci\u00f3n y los valores judeo-cristianos<\/strong><\/span><\/p>\n<p><span style=\"font-family: helvetica;\"><em style=\"color: #0066ff;\">Dr. Gabriel Albiac L\u00f3piz &#8211; Universidad Complutense<\/em><\/span><\/p>\n<p><span style=\"font-family: helvetica;\"><em>&nbsp;<\/em><\/span><\/p>\n<p><span style=\"font-family: helvetica;\"><strong>ABRIL<\/strong><\/span><\/p>\n<p><span style=\"font-family: helvetica;\">Mi\u00e9rcoles 14:<\/span><\/p>\n<p><span style=\"font-family: helvetica;\"><strong>\u00bfPueden el juda\u00edsmo y el cristianismo coexistir con el Estado moderno? Dial\u00e9ctica de poder, secularizaci\u00f3n<\/strong><\/span><\/p>\n<p><span style=\"font-family: helvetica;\"><em style=\"color: #0066ff;\">Dr. F. Javier Fern\u00e1ndez Vallina &#8211; Universidad Complutense<\/em><\/span><\/p>\n<p><span style=\"font-family: helvetica;\">Mi\u00e9rcoles 21:<\/span><\/p>\n<p><span style=\"font-family: helvetica;\"><strong>La posici\u00f3n de la Iglesia en relaci\u00f3n con el Estado a partir del Concilio Vaticano II<\/strong><\/span><\/p>\n<p><span style=\"font-family: helvetica;\"><em style=\"color: #0066ff;\">Dr. Jos\u00e9 Ignacio Rubio L\u00f3pez &#8211; Universidad E. San D\u00e1maso<\/em><\/span><\/p>\n<p><span style=\"font-family: helvetica;\">Mi\u00e9rcoles 28:<\/span><\/p>\n<p><span style=\"font-family: helvetica;\"><strong>La religi\u00f3n en el Estado de Israel<\/strong><\/span><\/p>\n<p><span style=\"font-family: helvetica;\"><em style=\"color: #0066ff;\">D\u00f1a. Noa Hakim &#8211; Portavoz de la Embajada de Israel en Espa\u00f1a<\/em><\/span><\/p>\n<p><span style=\"font-family: helvetica;\"><em>&nbsp;<\/em><\/span><\/p>\n<p><span style=\"font-family: helvetica;\"><strong>MAYO<\/strong><\/span><\/p>\n<p><span style=\"font-family: helvetica;\">Mi\u00e9rcoles 5:<\/span><\/p>\n<p><span style=\"font-family: helvetica;\"><strong>Mesa redonda: Las consecuencias del acuerdo entre la Santa Sede y el Estado de Israel<\/strong><\/span><\/p>\n<p style=\"color: #0066ff;\"><span style=\"font-family: helvetica;\"><em>Mons. Bernardito C. Auza &#8211; Nuncio Apost\u00f3lico en Espa\u00f1a<\/em><\/span><\/p>\n<p style=\"color: #0066ff;\"><span style=\"font-family: helvetica;\"><em>D\u00f1a. Rodica Radian-Gordon &#8211; Embajadora de Israel en Espa\u00f1a<\/em><\/span><\/p>\n<p><span style=\"font-family: helvetica;\">Mi\u00e9rcoles 12:<\/span><\/p>\n<p><span style=\"font-family: helvetica;\"><strong>\u00bfEs imaginable hoy un Estado cristiano?<\/strong><\/span><\/p>\n<p><span style=\"font-family: helvetica;\"><em style=\"color: #0066ff;\">Dr. Florentino Portero &#8211; Universidad Francisco de Vitoria<\/em><\/span><\/p>\n<p><span style=\"font-family: helvetica;\">Mi\u00e9rcoles 19:<\/span><\/p>\n<p><span style=\"font-family: helvetica;\"><strong>Las consecuencias para la fe cristiana de la separaci\u00f3n entre Iglesia y Estado<\/strong><\/span><\/p>\n<p><span style=\"font-family: helvetica;\"><em style=\"color: #0066ff;\">Dr. Javier Prades &#8211; Universidad E. San D\u00e1maso<\/em><\/span><\/p>\n<p><span style=\"font-family: helvetica;\"><em>&nbsp;<\/em><\/span><\/p>\n<p><span style=\"font-family: helvetica;\"><strong>Clausura de Curso<\/strong>:<\/span><\/p>\n<p><span style=\"font-family: helvetica;\">MI\u00c9RCOLES 26 de Mayo<strong>, <\/strong>a las 7,30 de la tarde<\/span><\/p>\n<p><span style=\"font-family: helvetica; font-size: 12pt;\"><strong>Los principios judeo-cristianos en la constituci\u00f3n del Estado laico<\/strong><\/span><\/p>\n<p><span style=\"font-family: helvetica; font-size: 12pt;\"><strong style=\"color: #0066ff;\">Dr. Carlos Garc\u00eda de Andoin &#8211; BAM-Universidad de Deusto<\/strong><\/span><\/p>\n","protected":false},"excerpt":{"rendered":"<p>&nbsp; \u201cEl juda\u00edsmo y el cristianismo ante el poder del Estado\u201d (online) &nbsp; Apertura del Curso (online): MI\u00c9RCOLES 4 de noviembre, a las 7,00 de la tarde Juda\u00edsmo y Cristianismo: Experiencia mutua en sus relaciones con el Estado Dr. Florentino Portero &#8211; Universidad Francisco de Vitoria Ser\u00e1 transmitida por videoconferencia &nbsp; NOVIEMBRE Mi\u00e9rcoles 11: El [&hellip;]<\/p>\n","protected":false},"author":1,"featured_media":585,"comment_status":"open","ping_status":"open","sticky":true,"template":"","format":"standard","meta":{"_et_pb_use_builder":"","_et_pb_old_content":"","_et_gb_content_width":"","footnotes":""},"categories":[239],"tags":[],"class_list":["post-586","post","type-post","status-publish","format-standard","has-post-thumbnail","hentry","category-conferencias"],"_links":{"self":[{"href":"https:\/\/cejc-madrid.org\/index.php\/wp-json\/wp\/v2\/posts\/586","targetHints":{"allow":["GET"]}}],"collection":[{"href":"https:\/\/cejc-madrid.org\/index.php\/wp-json\/wp\/v2\/posts"}],"about":[{"href":"https:\/\/cejc-madrid.org\/index.php\/wp-json\/wp\/v2\/types\/post"}],"author":[{"embeddable":true,"href":"https:\/\/cejc-madrid.org\/index.php\/wp-json\/wp\/v2\/users\/1"}],"replies":[{"embeddable":true,"href":"https:\/\/cejc-madrid.org\/index.php\/wp-json\/wp\/v2\/comments?post=586"}],"version-history":[{"count":1,"href":"https:\/\/cejc-madrid.org\/index.php\/wp-json\/wp\/v2\/posts\/586\/revisions"}],"predecessor-version":[{"id":2427,"href":"https:\/\/cejc-madrid.org\/index.php\/wp-json\/wp\/v2\/posts\/586\/revisions\/2427"}],"wp:featuredmedia":[{"embeddable":true,"href":"https:\/\/cejc-madrid.org\/index.php\/wp-json\/wp\/v2\/media\/585"}],"wp:attachment":[{"href":"https:\/\/cejc-madrid.org\/index.php\/wp-json\/wp\/v2\/media?parent=586"}],"wp:term":[{"taxonomy":"category","embeddable":true,"href":"https:\/\/cejc-madrid.org\/index.php\/wp-json\/wp\/v2\/categories?post=586"},{"taxonomy":"post_tag","embeddable":true,"href":"https:\/\/cejc-madrid.org\/index.php\/wp-json\/wp\/v2\/tags?post=586"}],"curies":[{"name":"wp","href":"https:\/\/api.w.org\/{rel}","templated":true}]}}