{"id":587,"date":"2020-12-14T13:18:38","date_gmt":"2020-12-14T13:18:38","guid":{"rendered":"https:\/\/upbeat-goodall.82-223-35-84.plesk.page\/index.php\/2020\/12\/14\/circular-220-octubre-diciembre-2020\/"},"modified":"2024-11-27T09:34:01","modified_gmt":"2024-11-27T09:34:01","slug":"circular-220-octubre-diciembre-2020","status":"publish","type":"post","link":"https:\/\/cejc-madrid.org\/index.php\/2020\/12\/14\/circular-220-octubre-diciembre-2020\/","title":{"rendered":"Circular n\u00ba 220 Octubre-Diciembre 2020"},"content":{"rendered":"<p>La circular de este trimestre se acerca a los siguientes temas:<\/p>\n<ul>\n<li>Inauguraci\u00f3n \u2018online\u2019 del Curso 2020\/2021 del CEJC<\/li>\n<li>El Museo Kariye Cami de Chora ser\u00e1 transformado en mezquita<\/li>\n<li>55 a\u00f1os de <em>Nostra Aetate<\/em>: Comunicado conjunto de cat\u00f3licos y jud\u00edos<\/li>\n<li>Europa sufre cuatro atentados islamistas en los dos \u00faltimos meses<\/li>\n<li>Fallece el gran rabino brit\u00e1nico Jonathan Sacks<\/li>\n<li>Incendian la parroquia de La Asunci\u00f3n en Santiago de Chile<\/li>\n<li>La sinagoga de Bahrein recuerda la \u2018Kristallnacht\u2019 por primera vez<\/li>\n<li>Noa Hakim, nueva portavoz de la Embajada de Israel en Espa\u00f1a<\/li>\n<li>El papa Francisco recibe en audiencia al presidente Pedro S\u00e1nchez<\/li>\n<li>Homenaje al \u2018\u00e1ngel de Budapest\u2019 a los 40 a\u00f1os de su muerte<\/li>\n<li>Eva Leitman Bohrer recibe la Cruz de Oro al M\u00e9rito de Hungr\u00eda<\/li>\n<li>La Corte de Karachi aprueba la conversi\u00f3n y el matrimonio de Arzoo Raja, de 13 a\u00f1os<\/li>\n<li>Austria crea el premio Simon Wiesenthal para la lucha contra el antisemitismo<\/li>\n<li>Espa\u00f1a avala la definici\u00f3n de antisemitismo de la IHRA<\/li>\n<li>Mons. Pizzaballa, nuevo patriarca latino de Jerusal\u00e9n<\/li>\n<li>Encuentran 286 cuerpos de v\u00edctimas de la Sho\u00e1 en Ucrania<\/li>\n<li>El Papa felicit\u00f3 a las comunidades jud\u00edas del mundo por sus festividades de oto\u00f1o<\/li>\n<li>Israel podr\u00eda vacunar a 150.000 personas antes de fin de a\u00f1o<\/li>\n<li>Descubierta una iglesia de 1.300 a\u00f1os cerca del monte Tabor<\/li>\n<li>Reabre la Catedral de San El\u00edas en Alepo, devastada por la guerra<\/li>\n<li>Los alumnos madrile\u00f1os estudiar\u00e1n el juda\u00edsmo y su legado en Espa\u00f1a<\/li>\n<li>Primer simposio entre los obispos alemanes y la Conferencia Rab\u00ednica Ortodoxa<\/li>\n<li>Jud\u00edos en La Coru\u00f1a<\/li>\n<li>Michael Ben Zikari, s\u00edmbolo de coexistencia<\/li>\n<li>Noticias del Centro<\/li>\n<\/ul>\n","protected":false},"excerpt":{"rendered":"<p>La circular de este trimestre se acerca a los siguientes temas: Inauguraci\u00f3n \u2018online\u2019 del Curso 2020\/2021 del CEJC El Museo Kariye Cami de Chora ser\u00e1 transformado en mezquita 55 a\u00f1os de Nostra Aetate: Comunicado conjunto de cat\u00f3licos y jud\u00edos Europa sufre cuatro atentados islamistas en los dos \u00faltimos meses Fallece el gran rabino brit\u00e1nico Jonathan [&hellip;]<\/p>\n","protected":false},"author":1,"featured_media":2537,"comment_status":"open","ping_status":"open","sticky":false,"template":"","format":"standard","meta":{"_et_pb_use_builder":"","_et_pb_old_content":"","_et_gb_content_width":"","footnotes":""},"categories":[4],"tags":[178,129,179,185,182],"class_list":["post-587","post","type-post","status-publish","format-standard","has-post-thumbnail","hentry","category-circular","tag-amistad-judeo-cristiana","tag-comunidad-judia","tag-dialogo-interreligioso","tag-ecumenismo","tag-pasado-sefardi"],"_links":{"self":[{"href":"https:\/\/cejc-madrid.org\/index.php\/wp-json\/wp\/v2\/posts\/587","targetHints":{"allow":["GET"]}}],"collection":[{"href":"https:\/\/cejc-madrid.org\/index.php\/wp-json\/wp\/v2\/posts"}],"about":[{"href":"https:\/\/cejc-madrid.org\/index.php\/wp-json\/wp\/v2\/types\/post"}],"author":[{"embeddable":true,"href":"https:\/\/cejc-madrid.org\/index.php\/wp-json\/wp\/v2\/users\/1"}],"replies":[{"embeddable":true,"href":"https:\/\/cejc-madrid.org\/index.php\/wp-json\/wp\/v2\/comments?post=587"}],"version-history":[{"count":1,"href":"https:\/\/cejc-madrid.org\/index.php\/wp-json\/wp\/v2\/posts\/587\/revisions"}],"predecessor-version":[{"id":2538,"href":"https:\/\/cejc-madrid.org\/index.php\/wp-json\/wp\/v2\/posts\/587\/revisions\/2538"}],"wp:featuredmedia":[{"embeddable":true,"href":"https:\/\/cejc-madrid.org\/index.php\/wp-json\/wp\/v2\/media\/2537"}],"wp:attachment":[{"href":"https:\/\/cejc-madrid.org\/index.php\/wp-json\/wp\/v2\/media?parent=587"}],"wp:term":[{"taxonomy":"category","embeddable":true,"href":"https:\/\/cejc-madrid.org\/index.php\/wp-json\/wp\/v2\/categories?post=587"},{"taxonomy":"post_tag","embeddable":true,"href":"https:\/\/cejc-madrid.org\/index.php\/wp-json\/wp\/v2\/tags?post=587"}],"curies":[{"name":"wp","href":"https:\/\/api.w.org\/{rel}","templated":true}]}}