{"id":588,"date":"2021-01-27T08:30:24","date_gmt":"2021-01-27T08:30:24","guid":{"rendered":"https:\/\/upbeat-goodall.82-223-35-84.plesk.page\/index.php\/2021\/01\/27\/testimonio-de-rhoda-henelde-abecasis-en-el-cejc\/"},"modified":"2021-01-27T08:30:24","modified_gmt":"2021-01-27T08:30:24","slug":"testimonio-de-rhoda-henelde-abecasis-en-el-cejc","status":"publish","type":"post","link":"https:\/\/cejc-madrid.org\/index.php\/2021\/01\/27\/testimonio-de-rhoda-henelde-abecasis-en-el-cejc\/","title":{"rendered":"Testimonio de Rhoda Henelde Abecasis en el CEJC"},"content":{"rendered":"<p>El Centro de Estudios Judeo-Cristianos se suma hoy, 27 de enero, a los actos de conmemoraci\u00f3n de la Shoa, para lo que contaremos con el testimonio de D\u00f1a. Rhoda Henelde Abecasis , superviviente del Holocausto nacida en el gueto de Varsovia y que nos hablar\u00e1 por videoconferencia de su experiencia personal en relaci\u00f3n al dram\u00e1tico periodo del Siglo XX, a las 19:00 h.<\/p>\n<p>Aquellos que est\u00e9n interesados deber\u00e1n solicitar a Secretar\u00eda del CEJC el enlace para poder asistir a la videoconferencia, bien a trav\u00e9s de nuestros n\u00fameros de tel\u00e9fono o enviando un correo electr\u00f3nico a nuestra direcci\u00f3n de e-mail.<\/p>\n","protected":false},"excerpt":{"rendered":"<p>El Centro de Estudios Judeo-Cristianos se suma hoy, 27 de enero, a los actos de conmemoraci\u00f3n de la Shoa, para lo que contaremos con el testimonio de D\u00f1a. Rhoda Henelde Abecasis , superviviente del Holocausto nacida en el gueto de Varsovia y que nos hablar\u00e1 por videoconferencia de su experiencia personal en relaci\u00f3n al dram\u00e1tico [&hellip;]<\/p>\n","protected":false},"author":1,"featured_media":0,"comment_status":"open","ping_status":"open","sticky":false,"template":"","format":"standard","meta":{"_et_pb_use_builder":"","_et_pb_old_content":"","_et_gb_content_width":"","footnotes":""},"categories":[1],"tags":[],"class_list":["post-588","post","type-post","status-publish","format-standard","hentry","category-uncategorized"],"_links":{"self":[{"href":"https:\/\/cejc-madrid.org\/index.php\/wp-json\/wp\/v2\/posts\/588","targetHints":{"allow":["GET"]}}],"collection":[{"href":"https:\/\/cejc-madrid.org\/index.php\/wp-json\/wp\/v2\/posts"}],"about":[{"href":"https:\/\/cejc-madrid.org\/index.php\/wp-json\/wp\/v2\/types\/post"}],"author":[{"embeddable":true,"href":"https:\/\/cejc-madrid.org\/index.php\/wp-json\/wp\/v2\/users\/1"}],"replies":[{"embeddable":true,"href":"https:\/\/cejc-madrid.org\/index.php\/wp-json\/wp\/v2\/comments?post=588"}],"version-history":[{"count":0,"href":"https:\/\/cejc-madrid.org\/index.php\/wp-json\/wp\/v2\/posts\/588\/revisions"}],"wp:attachment":[{"href":"https:\/\/cejc-madrid.org\/index.php\/wp-json\/wp\/v2\/media?parent=588"}],"wp:term":[{"taxonomy":"category","embeddable":true,"href":"https:\/\/cejc-madrid.org\/index.php\/wp-json\/wp\/v2\/categories?post=588"},{"taxonomy":"post_tag","embeddable":true,"href":"https:\/\/cejc-madrid.org\/index.php\/wp-json\/wp\/v2\/tags?post=588"}],"curies":[{"name":"wp","href":"https:\/\/api.w.org\/{rel}","templated":true}]}}