{"id":589,"date":"2021-02-17T10:10:15","date_gmt":"2021-02-17T10:10:15","guid":{"rendered":"https:\/\/upbeat-goodall.82-223-35-84.plesk.page\/index.php\/2021\/02\/17\/comunicado-del-cejc\/"},"modified":"2021-02-17T10:10:15","modified_gmt":"2021-02-17T10:10:15","slug":"comunicado-del-cejc","status":"publish","type":"post","link":"https:\/\/cejc-madrid.org\/index.php\/2021\/02\/17\/comunicado-del-cejc\/","title":{"rendered":"Comunicado del CEJC"},"content":{"rendered":"<p>El pasado s\u00e1bado d\u00eda 13 de febrero tuvo lugar en Madrid una concentraci\u00f3n de personas reunidas para realizar un acto de homenaje a la Divisi\u00f3n Azul. En un v\u00eddeo difundido por la revista digital&nbsp;<a href=\"https:\/\/www.lamarea.com\/2021\/02\/15\/enemigo-siempre-mismo-judio-300-neonazis-homenajean-espanoles-lucharon-hitler\/\"><em>La Marea<\/em><\/a>&nbsp;puede verse a una mujer que, rodeada de una multitud que portaba s\u00edmbolos neofascistas y nazis, dio una proclama en la que afirm\u00f3 que \u201c<em>el enemigo siempre va a ser el mismo aunque con distintas m\u00e1scaras: el jud\u00edo<\/em>.\u201d Y a\u00f1ade: \u201c<em>Porque nada m\u00e1s certero que esta afirmaci\u00f3n: el jud\u00edo es el culpable, el jud\u00edo es el culpable y la Divisi\u00f3n Azul luch\u00f3 por ello\u201d<\/em>.<\/p>\n<p>En este sentido, el Centro de Estudios Judeo-Cristianos, como instituci\u00f3n eclesi\u00e1stica dedicada a dar a conocer las ra\u00edces jud\u00edas del cristianismo y a promover el di\u00e1logo entre ambas confesiones, repudia del modo m\u00e1s en\u00e9rgico el acto del pasado s\u00e1bado. Resulta inveros\u00edmil y al mismo tiempo aborrecible que en pleno siglo XXI se reproduzcan escenas y prejuicios propias de hace poco menos de un siglo, con un vocabulario dogm\u00e1tico e irracional dirigido a los instintos m\u00e1s primarios del ser humano y que de modo desgraciadamente eficaz fue manejado por el nazismo.<\/p>\n<p>No obstante, no podemos dejar de recordar que el pasado d\u00eda 23 de diciembre fue profanado el cementerio jud\u00edo de Madrid con pintadas alusivas al per\u00edodo nazi, y que la escalada en el antisemitismo es una realidad cada vez m\u00e1s latente. Relativizarlo, o desviar la mirada, solo animar\u00e1 a los perpetradores. Independientemente de la labor de formaci\u00f3n y educaci\u00f3n en valores y libertades en la que hemos de seguir profundizando, hemos de dar una respuesta firme y sin ambages, con todo el imperio de la ley, a todos aquellos que pretenden sembrar la semilla del odio, abusando de la libertad que nos garantiza el estado de derecho.<\/p>\n<p>Si algo pudiera empeorar ese escenario, fue la intervenci\u00f3n en el mismo de un sacerdote, identificado por el diario Religi\u00f3n Digital como Javier Utrilla, miembro de la Hermandad de San P\u00edo X, y que, con su presencia, aval\u00f3 el acto y lo que all\u00ed se dijo. Si bien la Hermandad no est\u00e1 bajo la jurisdicci\u00f3n de la Iglesia Cat\u00f3lica, ha de destacarse que \u00e9sta, a trav\u00e9s de sus documentos y confirmada por los Papas despu\u00e9s del Concilio Vaticano II, rechaza absolutamente esta actitud detestable. El antisemitismo es absolutamente contrario a las ense\u00f1anzas de la Iglesia y a su misma identidad, porque nuestro Se\u00f1or Jes\u00fas naci\u00f3, vivi\u00f3 y muri\u00f3 como jud\u00edo, y porque las ra\u00edces cristianas beben necesariamente del juda\u00edsmo (Romanos, 11).<\/p>\n<p>El Centro de Estudios Judeo-Cristianos comparte el dolor e indignaci\u00f3n de nuestros hermanos jud\u00edos y conf\u00eda en que estos actos no queden impunes.<\/p>\n<p style=\"text-align: left;\">Mayte Rodr\u00edguez&nbsp;<\/p>\n<p style=\"text-align: left;\"><em>Directora Ejecutiva<\/em><\/p>\n","protected":false},"excerpt":{"rendered":"<p>El pasado s\u00e1bado d\u00eda 13 de febrero tuvo lugar en Madrid una concentraci\u00f3n de personas reunidas para realizar un acto de homenaje a la Divisi\u00f3n Azul. En un v\u00eddeo difundido por la revista digital&nbsp;La Marea&nbsp;puede verse a una mujer que, rodeada de una multitud que portaba s\u00edmbolos neofascistas y nazis, dio una proclama en la [&hellip;]<\/p>\n","protected":false},"author":1,"featured_media":0,"comment_status":"open","ping_status":"open","sticky":false,"template":"","format":"standard","meta":{"_et_pb_use_builder":"","_et_pb_old_content":"","_et_gb_content_width":"","footnotes":""},"categories":[1],"tags":[178,201,202,203,179],"class_list":["post-589","post","type-post","status-publish","format-standard","hentry","category-uncategorized","tag-amistad-judeo-cristiana","tag-condena-del-antisemitismo","tag-contra-la-intolerancia","tag-convivencia","tag-dialogo-interreligioso"],"_links":{"self":[{"href":"https:\/\/cejc-madrid.org\/index.php\/wp-json\/wp\/v2\/posts\/589","targetHints":{"allow":["GET"]}}],"collection":[{"href":"https:\/\/cejc-madrid.org\/index.php\/wp-json\/wp\/v2\/posts"}],"about":[{"href":"https:\/\/cejc-madrid.org\/index.php\/wp-json\/wp\/v2\/types\/post"}],"author":[{"embeddable":true,"href":"https:\/\/cejc-madrid.org\/index.php\/wp-json\/wp\/v2\/users\/1"}],"replies":[{"embeddable":true,"href":"https:\/\/cejc-madrid.org\/index.php\/wp-json\/wp\/v2\/comments?post=589"}],"version-history":[{"count":0,"href":"https:\/\/cejc-madrid.org\/index.php\/wp-json\/wp\/v2\/posts\/589\/revisions"}],"wp:attachment":[{"href":"https:\/\/cejc-madrid.org\/index.php\/wp-json\/wp\/v2\/media?parent=589"}],"wp:term":[{"taxonomy":"category","embeddable":true,"href":"https:\/\/cejc-madrid.org\/index.php\/wp-json\/wp\/v2\/categories?post=589"},{"taxonomy":"post_tag","embeddable":true,"href":"https:\/\/cejc-madrid.org\/index.php\/wp-json\/wp\/v2\/tags?post=589"}],"curies":[{"name":"wp","href":"https:\/\/api.w.org\/{rel}","templated":true}]}}