{"id":59,"date":"2011-11-04T11:20:55","date_gmt":"2011-11-04T11:20:55","guid":{"rendered":"https:\/\/upbeat-goodall.82-223-35-84.plesk.page\/index.php\/2011\/11\/04\/el-olivo-no-56\/"},"modified":"2011-11-04T11:20:55","modified_gmt":"2011-11-04T11:20:55","slug":"el-olivo-no-56","status":"publish","type":"post","link":"https:\/\/cejc-madrid.org\/index.php\/2011\/11\/04\/el-olivo-no-56\/","title":{"rendered":"El Olivo n\u00ba 56"},"content":{"rendered":"<p align=\"center\"><b>EL OLIVO    n\u00ba 56<\/b><\/p>\n<p align=\"center\">\u00a0<\/p>\n<p align=\"center\">Julio &#8211; Diciembre 2002<\/p>\n<p align=\"center\">\u00a0<\/p>\n<p align=\"center\"><span style=\"text-decoration: underline;\">\u00cdndice<\/span><\/p>\n<p align=\"left\">\u00a0<\/p>\n<p align=\"left\"><b>La Tor\u00e1 en el  Serm\u00f3n de la Monta\u00f1a<\/b><i> &#8211; <\/i>David Flusse<i>r<\/i> &#8211; En memoria<b>&nbsp;<\/b><\/p>\n<p align=\"left\"><b>Maim\u00f3nides y  Algacel: Dos autores en apariencia diversos, buscando un equilibrio en el  pensamiento medieval &#8211;<\/b><i><b> <\/b><\/i>Antonio R\u00edos Rojas  &#8211; Albacete<b>&nbsp;<\/b><\/p>\n<p align=\"left\"><b>Compromiso  espiritual y \u00e9tico en el di\u00e1logo judeo-cristiano<i> &#8211; <\/i><\/b>Cardenal Walter Kasper<i> &#8211; <\/i>Roma<b>&nbsp;<\/b><\/p>\n<p align=\"left\"><b>La influencia  del actual di\u00e1logo judeo-cristiano en la evoluci\u00f3n de la teolog\u00eda cat\u00f3lica y  protestante &#8211;<\/b><b> <\/b>Luis Maldonado<i> &#8211; <\/i>Universidad Pontificia de  Salamanca<b> <\/b><\/p>\n<p align=\"left\"><b>El \u00abcaso Dreyfus\u00bb en la prensa aragonesa &#8211;<\/b><b> <\/b>Jos\u00e9 Ram\u00f3n Villanueva Herrero<i> &#8211; <\/i> Zaragoza<b>&nbsp;<\/b><\/p>\n<p align=\"left\">\u00a0<\/p>\n<p align=\"left\"><b>Documentaci\u00f3n:<\/b><b>&nbsp;<\/b><\/p>\n<p align=\"left\"><b>Mantener  abiertos los ojos al sufrimiento del pueblo jud\u00edo<\/b><i>&nbsp;<\/i><\/p>\n<p align=\"left\"><i>Declaraci\u00f3n de la Conferencia Episcopal  Suiza sobre la actitud de la Iglesia Cat\u00f3lica en Suiza hacia el pueblo jud\u00edo  durante la Segunda Guerra Mundial y en la actualidad<\/i><b>&nbsp;<\/b><\/p>\n<p align=\"left\"><b>Congreso del  ICCJ en Riga (Letonia) 26-30 mayo 2002<\/b><i>&nbsp;<\/i><\/p>\n<p align=\"left\"><i>Fiel a la propia tradici\u00f3n en presencia  del otro. Perspectivas del di\u00e1logo judeo-cristiano en los Pa\u00edses B\u00e1lticos a la  luz de sus respectivas historias<\/i><\/p>\n<blockquote><\/blockquote>\n","protected":false},"excerpt":{"rendered":"<p>EL OLIVO n\u00ba 56 \u00a0 Julio &#8211; Diciembre 2002 \u00a0 \u00cdndice \u00a0 La Tor\u00e1 en el Serm\u00f3n de la Monta\u00f1a &#8211; David Flusser &#8211; En memoria&nbsp; Maim\u00f3nides y Algacel: Dos autores en apariencia diversos, buscando un equilibrio en el pensamiento medieval &#8211; Antonio R\u00edos Rojas &#8211; Albacete&nbsp; Compromiso espiritual y \u00e9tico en el di\u00e1logo judeo-cristiano [&hellip;]<\/p>\n","protected":false},"author":1,"featured_media":0,"comment_status":"open","ping_status":"open","sticky":false,"template":"","format":"standard","meta":{"_et_pb_use_builder":"","_et_pb_old_content":"","_et_gb_content_width":"","footnotes":""},"categories":[25],"tags":[],"class_list":["post-59","post","type-post","status-publish","format-standard","hentry","category-revista-qel-olivoq"],"_links":{"self":[{"href":"https:\/\/cejc-madrid.org\/index.php\/wp-json\/wp\/v2\/posts\/59","targetHints":{"allow":["GET"]}}],"collection":[{"href":"https:\/\/cejc-madrid.org\/index.php\/wp-json\/wp\/v2\/posts"}],"about":[{"href":"https:\/\/cejc-madrid.org\/index.php\/wp-json\/wp\/v2\/types\/post"}],"author":[{"embeddable":true,"href":"https:\/\/cejc-madrid.org\/index.php\/wp-json\/wp\/v2\/users\/1"}],"replies":[{"embeddable":true,"href":"https:\/\/cejc-madrid.org\/index.php\/wp-json\/wp\/v2\/comments?post=59"}],"version-history":[{"count":0,"href":"https:\/\/cejc-madrid.org\/index.php\/wp-json\/wp\/v2\/posts\/59\/revisions"}],"wp:attachment":[{"href":"https:\/\/cejc-madrid.org\/index.php\/wp-json\/wp\/v2\/media?parent=59"}],"wp:term":[{"taxonomy":"category","embeddable":true,"href":"https:\/\/cejc-madrid.org\/index.php\/wp-json\/wp\/v2\/categories?post=59"},{"taxonomy":"post_tag","embeddable":true,"href":"https:\/\/cejc-madrid.org\/index.php\/wp-json\/wp\/v2\/tags?post=59"}],"curies":[{"name":"wp","href":"https:\/\/api.w.org\/{rel}","templated":true}]}}