{"id":590,"date":"2021-03-05T11:57:44","date_gmt":"2021-03-05T11:57:44","guid":{"rendered":"https:\/\/upbeat-goodall.82-223-35-84.plesk.page\/index.php\/2021\/03\/05\/videoconferencia-sobre-los-desafios-del-dialogo-judeo-cristiano-para-el-siglo-xxi\/"},"modified":"2021-03-05T11:57:44","modified_gmt":"2021-03-05T11:57:44","slug":"videoconferencia-sobre-los-desafios-del-dialogo-judeo-cristiano-para-el-siglo-xxi","status":"publish","type":"post","link":"https:\/\/cejc-madrid.org\/index.php\/2021\/03\/05\/videoconferencia-sobre-los-desafios-del-dialogo-judeo-cristiano-para-el-siglo-xxi\/","title":{"rendered":"Videoconferencia sobre los \u00abDesaf\u00edos del Di\u00e1logo Judeo-Cristiano para el Siglo XXI\u00bb"},"content":{"rendered":"<p>El Centro de Estudios Judeo-Cristianos organiza&nbsp;la videoconferencia \u00ab<em>Desaf\u00edos del Di\u00e1logo Judeo-Cristiano para el Siglo XXI<\/em>\u00ab, junto con Confraternidad Argentina Judeo Cristiana y&nbsp;Confraternidad Judeo Cristiana de Chile, que tendr\u00e1 lugar el pr\u00f3ximo 25 de marzo y en la que intervendr\u00e1n Rab. <strong>Guillermo Bronstein<\/strong>, Rabino Em\u00e9rito de la Comunidad 1870 (Per\u00fa) y el Hermano <strong>Elio Passeto<\/strong>, nds, Director del Instituto Ratisbonne de Jerusal\u00e9n, moderados por el Presidente de la Confraternidad Judeo-Cristiana de Chile, Rab. Jorge Szteinhendler.&nbsp;<\/p>\n","protected":false},"excerpt":{"rendered":"<p>El Centro de Estudios Judeo-Cristianos organiza&nbsp;la videoconferencia \u00abDesaf\u00edos del Di\u00e1logo Judeo-Cristiano para el Siglo XXI\u00ab, junto con Confraternidad Argentina Judeo Cristiana y&nbsp;Confraternidad Judeo Cristiana de Chile, que tendr\u00e1 lugar el pr\u00f3ximo 25 de marzo y en la que intervendr\u00e1n Rab. Guillermo Bronstein, Rabino Em\u00e9rito de la Comunidad 1870 (Per\u00fa) y el Hermano Elio Passeto, nds, [&hellip;]<\/p>\n","protected":false},"author":1,"featured_media":0,"comment_status":"open","ping_status":"open","sticky":false,"template":"","format":"standard","meta":{"_et_pb_use_builder":"","_et_pb_old_content":"","_et_gb_content_width":"","footnotes":""},"categories":[1],"tags":[199,179],"class_list":["post-590","post","type-post","status-publish","format-standard","hentry","category-uncategorized","tag-amistad-judeocristiana","tag-dialogo-interreligioso"],"_links":{"self":[{"href":"https:\/\/cejc-madrid.org\/index.php\/wp-json\/wp\/v2\/posts\/590","targetHints":{"allow":["GET"]}}],"collection":[{"href":"https:\/\/cejc-madrid.org\/index.php\/wp-json\/wp\/v2\/posts"}],"about":[{"href":"https:\/\/cejc-madrid.org\/index.php\/wp-json\/wp\/v2\/types\/post"}],"author":[{"embeddable":true,"href":"https:\/\/cejc-madrid.org\/index.php\/wp-json\/wp\/v2\/users\/1"}],"replies":[{"embeddable":true,"href":"https:\/\/cejc-madrid.org\/index.php\/wp-json\/wp\/v2\/comments?post=590"}],"version-history":[{"count":0,"href":"https:\/\/cejc-madrid.org\/index.php\/wp-json\/wp\/v2\/posts\/590\/revisions"}],"wp:attachment":[{"href":"https:\/\/cejc-madrid.org\/index.php\/wp-json\/wp\/v2\/media?parent=590"}],"wp:term":[{"taxonomy":"category","embeddable":true,"href":"https:\/\/cejc-madrid.org\/index.php\/wp-json\/wp\/v2\/categories?post=590"},{"taxonomy":"post_tag","embeddable":true,"href":"https:\/\/cejc-madrid.org\/index.php\/wp-json\/wp\/v2\/tags?post=590"}],"curies":[{"name":"wp","href":"https:\/\/api.w.org\/{rel}","templated":true}]}}