{"id":591,"date":"2021-03-26T12:34:44","date_gmt":"2021-03-26T12:34:44","guid":{"rendered":"https:\/\/upbeat-goodall.82-223-35-84.plesk.page\/index.php\/2021\/03\/26\/mons-cerro-chaves-felicita-la-pascua-a-las-comunidades-judias\/"},"modified":"2021-03-26T12:34:44","modified_gmt":"2021-03-26T12:34:44","slug":"mons-cerro-chaves-felicita-la-pascua-a-las-comunidades-judias","status":"publish","type":"post","link":"https:\/\/cejc-madrid.org\/index.php\/2021\/03\/26\/mons-cerro-chaves-felicita-la-pascua-a-las-comunidades-judias\/","title":{"rendered":"Mons. Cerro Chaves felicita la Pascua a las comunidades jud\u00edas"},"content":{"rendered":"<p>Con motivo de la celebraci\u00f3n de la Pascua Jud\u00eda, el arzobispo de Toledo, Mons. Francisco Cerro Chaves, ha dirigido una felicitaci\u00f3n al Presidente de la Federaci\u00f3n de Comunidades Jud\u00edas de Espa\u00f1a y a la Presidenta de la Comunidad Jud\u00eda de Madrid, que reproducimos y hacemos extensiva a todos nuestros amigos jud\u00edos: Jag Pesaj Sameaj<\/p>\n","protected":false},"excerpt":{"rendered":"<p>Con motivo de la celebraci\u00f3n de la Pascua Jud\u00eda, el arzobispo de Toledo, Mons. Francisco Cerro Chaves, ha dirigido una felicitaci\u00f3n al Presidente de la Federaci\u00f3n de Comunidades Jud\u00edas de Espa\u00f1a y a la Presidenta de la Comunidad Jud\u00eda de Madrid, que reproducimos y hacemos extensiva a todos nuestros amigos jud\u00edos: Jag Pesaj Sameaj<\/p>\n","protected":false},"author":1,"featured_media":0,"comment_status":"open","ping_status":"open","sticky":false,"template":"","format":"standard","meta":{"_et_pb_use_builder":"","_et_pb_old_content":"","_et_gb_content_width":"","footnotes":""},"categories":[1],"tags":[],"class_list":["post-591","post","type-post","status-publish","format-standard","hentry","category-uncategorized"],"_links":{"self":[{"href":"https:\/\/cejc-madrid.org\/index.php\/wp-json\/wp\/v2\/posts\/591","targetHints":{"allow":["GET"]}}],"collection":[{"href":"https:\/\/cejc-madrid.org\/index.php\/wp-json\/wp\/v2\/posts"}],"about":[{"href":"https:\/\/cejc-madrid.org\/index.php\/wp-json\/wp\/v2\/types\/post"}],"author":[{"embeddable":true,"href":"https:\/\/cejc-madrid.org\/index.php\/wp-json\/wp\/v2\/users\/1"}],"replies":[{"embeddable":true,"href":"https:\/\/cejc-madrid.org\/index.php\/wp-json\/wp\/v2\/comments?post=591"}],"version-history":[{"count":0,"href":"https:\/\/cejc-madrid.org\/index.php\/wp-json\/wp\/v2\/posts\/591\/revisions"}],"wp:attachment":[{"href":"https:\/\/cejc-madrid.org\/index.php\/wp-json\/wp\/v2\/media?parent=591"}],"wp:term":[{"taxonomy":"category","embeddable":true,"href":"https:\/\/cejc-madrid.org\/index.php\/wp-json\/wp\/v2\/categories?post=591"},{"taxonomy":"post_tag","embeddable":true,"href":"https:\/\/cejc-madrid.org\/index.php\/wp-json\/wp\/v2\/tags?post=591"}],"curies":[{"name":"wp","href":"https:\/\/api.w.org\/{rel}","templated":true}]}}