{"id":592,"date":"2021-04-08T10:35:24","date_gmt":"2021-04-08T10:35:24","guid":{"rendered":"https:\/\/upbeat-goodall.82-223-35-84.plesk.page\/index.php\/2021\/04\/08\/circular-221-enero-marzo-2021\/"},"modified":"2024-11-27T09:33:16","modified_gmt":"2024-11-27T09:33:16","slug":"circular-221-enero-marzo-2021","status":"publish","type":"post","link":"https:\/\/cejc-madrid.org\/index.php\/2021\/04\/08\/circular-221-enero-marzo-2021\/","title":{"rendered":"Circular n\u00ba 221 Enero-Marzo 2021"},"content":{"rendered":"<p>La circular de este trimestre se acerca a los siguientes temas:<\/p>\n<ul>\n<li>In memoriam: Isa\u00edas Barroso Nieto<\/li>\n<li>El CEJC recuerda la Shoa con el testimonio de Rhoda Abecasis<\/li>\n<li>El papa Francisco recuerda el D\u00eda de la Memoria del Holocausto<\/li>\n<li>El homenaje a las v\u00edctimas de la Shoa se realiz\u00f3 en formato virtual<\/li>\n<li>Un avi\u00f3n israel\u00ed vol\u00f3 a Berl\u00edn con el lema \u2018Recordamos\u2019<\/li>\n<li>Condena un\u00e1nime de las manifestaciones antisemitas en el homenaje a la \u2018Divisi\u00f3n Azul\u2019<\/li>\n<li>El Papa nombra al cardenal Osoro miembro de la Pontificia Comisi\u00f3n para Am\u00e9rica Latina<\/li>\n<li>Nuevos fragmentos de rollo b\u00edblico milenario del Mar Muerto<\/li>\n<li>Halladas etiquetas identificativas de ni\u00f1os asesinados en un campo nazi de Polonia<\/li>\n<li>El Papa se encuentra en Irak m\u00e1s de 30 iglesias destruidas por ISIS<\/li>\n<li>Utrera quiere recuperar su gran sinagoga jud\u00eda medieval<\/li>\n<li>Emisi\u00f3n de un sello en honor al profesor Nat\u00e1n Lerner<\/li>\n<li>Un jud\u00edo austr\u00edaco lega su fortuna al pueblo franc\u00e9s que lo protegi\u00f3<\/li>\n<li>Movimiento Contra la Intolerancia celebra el D\u00eda Internacional de la Eliminaci\u00f3n de la Discriminaci\u00f3n Racial<\/li>\n<li>Un enfermero musulm\u00e1n recit\u00f3 el \u2018Shem\u00e1 Israel\u2019 en los \u00faltimos minutos de vida de su paciente jud\u00edo<\/li>\n<li>La perseverancia de la lengua sefard\u00ed, cinco siglos despu\u00e9s<\/li>\n<li>EXO-CD24, un gran avance contra la Covid-19<\/li>\n<li>Mujeres embarazadas de Formosa se esconden en el monte para evitar que la polic\u00eda se lleve a sus beb\u00e9s<\/li>\n<li>Noticias del Centro<\/li>\n<\/ul>\n","protected":false},"excerpt":{"rendered":"<p>La circular de este trimestre se acerca a los siguientes temas: In memoriam: Isa\u00edas Barroso Nieto El CEJC recuerda la Shoa con el testimonio de Rhoda Abecasis El papa Francisco recuerda el D\u00eda de la Memoria del Holocausto El homenaje a las v\u00edctimas de la Shoa se realiz\u00f3 en formato virtual Un avi\u00f3n israel\u00ed vol\u00f3 [&hellip;]<\/p>\n","protected":false},"author":1,"featured_media":2535,"comment_status":"open","ping_status":"open","sticky":false,"template":"","format":"standard","meta":{"_et_pb_use_builder":"","_et_pb_old_content":"","_et_gb_content_width":"","footnotes":""},"categories":[4],"tags":[178,179,52,182],"class_list":["post-592","post","type-post","status-publish","format-standard","has-post-thumbnail","hentry","category-circular","tag-amistad-judeo-cristiana","tag-dialogo-interreligioso","tag-judaismo","tag-pasado-sefardi"],"_links":{"self":[{"href":"https:\/\/cejc-madrid.org\/index.php\/wp-json\/wp\/v2\/posts\/592","targetHints":{"allow":["GET"]}}],"collection":[{"href":"https:\/\/cejc-madrid.org\/index.php\/wp-json\/wp\/v2\/posts"}],"about":[{"href":"https:\/\/cejc-madrid.org\/index.php\/wp-json\/wp\/v2\/types\/post"}],"author":[{"embeddable":true,"href":"https:\/\/cejc-madrid.org\/index.php\/wp-json\/wp\/v2\/users\/1"}],"replies":[{"embeddable":true,"href":"https:\/\/cejc-madrid.org\/index.php\/wp-json\/wp\/v2\/comments?post=592"}],"version-history":[{"count":1,"href":"https:\/\/cejc-madrid.org\/index.php\/wp-json\/wp\/v2\/posts\/592\/revisions"}],"predecessor-version":[{"id":2536,"href":"https:\/\/cejc-madrid.org\/index.php\/wp-json\/wp\/v2\/posts\/592\/revisions\/2536"}],"wp:featuredmedia":[{"embeddable":true,"href":"https:\/\/cejc-madrid.org\/index.php\/wp-json\/wp\/v2\/media\/2535"}],"wp:attachment":[{"href":"https:\/\/cejc-madrid.org\/index.php\/wp-json\/wp\/v2\/media?parent=592"}],"wp:term":[{"taxonomy":"category","embeddable":true,"href":"https:\/\/cejc-madrid.org\/index.php\/wp-json\/wp\/v2\/categories?post=592"},{"taxonomy":"post_tag","embeddable":true,"href":"https:\/\/cejc-madrid.org\/index.php\/wp-json\/wp\/v2\/tags?post=592"}],"curies":[{"name":"wp","href":"https:\/\/api.w.org\/{rel}","templated":true}]}}