{"id":593,"date":"2021-06-08T09:24:45","date_gmt":"2021-06-08T09:24:45","guid":{"rendered":"https:\/\/upbeat-goodall.82-223-35-84.plesk.page\/index.php\/2021\/06\/08\/olivo-n-93\/"},"modified":"2021-06-08T09:24:45","modified_gmt":"2021-06-08T09:24:45","slug":"olivo-n-93","status":"publish","type":"post","link":"https:\/\/cejc-madrid.org\/index.php\/2021\/06\/08\/olivo-n-93\/","title":{"rendered":"OLIVO N\u00ba 93"},"content":{"rendered":"<p>Enero &#8211; Junio 2021<\/p>\n<p><strong>Juda\u00edsmo y Cristianismo. Experiencia mutua en sus relaciones con el Estado <\/strong>&#8211;&nbsp;Florentino Portero &#8211; Universidad Francisco de Vitoria<\/p>\n<p><strong>El poder pol\u00edtico y religioso en el Antiguo Israel<\/strong> &#8211; David Villar Vegas &#8211; Universidad Complutense de Madrid<\/p>\n<p><strong>Or\u00edgenes y Tertuliano: la interpretaci\u00f3n jud\u00eda de la Biblia<\/strong> &#8211;&nbsp;Ana B. Blanco Quintas &#8211;&nbsp;Universidad Complutense de Madrid<\/p>\n<p><strong>La vida y las obras de Maim\u00f3nides en su tiempo<\/strong> &#8211;&nbsp;Rafael Ram\u00f3n Guerrero &#8211;&nbsp;Universidad Complutense de Madrid<\/p>\n<p><strong><em>Affectus, quibus conflictamur\u2026 <\/em>La pol\u00edtica como \u00e1lgebra de los afectos en Spinoza<\/strong> &#8211;&nbsp;Gabriel Albiac &#8211;&nbsp;Universidad Complutense de Madrid<\/p>\n<p><strong>Bernard Lazare: \u201cdel antisemitismo al sionismo\u201d<\/strong> &#8211;&nbsp;Martina Lemoine &#8211; Universidad de La Sorbona (Par\u00eds)<\/p>\n<p>NOTICIAS<\/p>\n","protected":false},"excerpt":{"rendered":"<p>Enero &#8211; Junio 2021 Juda\u00edsmo y Cristianismo. Experiencia mutua en sus relaciones con el Estado &#8211;&nbsp;Florentino Portero &#8211; Universidad Francisco de Vitoria El poder pol\u00edtico y religioso en el Antiguo Israel &#8211; David Villar Vegas &#8211; Universidad Complutense de Madrid Or\u00edgenes y Tertuliano: la interpretaci\u00f3n jud\u00eda de la Biblia &#8211;&nbsp;Ana B. Blanco Quintas &#8211;&nbsp;Universidad Complutense [&hellip;]<\/p>\n","protected":false},"author":1,"featured_media":0,"comment_status":"open","ping_status":"open","sticky":false,"template":"","format":"standard","meta":{"_et_pb_use_builder":"","_et_pb_old_content":"","_et_gb_content_width":"","footnotes":""},"categories":[25],"tags":[178,179],"class_list":["post-593","post","type-post","status-publish","format-standard","hentry","category-revista-qel-olivoq","tag-amistad-judeo-cristiana","tag-dialogo-interreligioso"],"_links":{"self":[{"href":"https:\/\/cejc-madrid.org\/index.php\/wp-json\/wp\/v2\/posts\/593","targetHints":{"allow":["GET"]}}],"collection":[{"href":"https:\/\/cejc-madrid.org\/index.php\/wp-json\/wp\/v2\/posts"}],"about":[{"href":"https:\/\/cejc-madrid.org\/index.php\/wp-json\/wp\/v2\/types\/post"}],"author":[{"embeddable":true,"href":"https:\/\/cejc-madrid.org\/index.php\/wp-json\/wp\/v2\/users\/1"}],"replies":[{"embeddable":true,"href":"https:\/\/cejc-madrid.org\/index.php\/wp-json\/wp\/v2\/comments?post=593"}],"version-history":[{"count":0,"href":"https:\/\/cejc-madrid.org\/index.php\/wp-json\/wp\/v2\/posts\/593\/revisions"}],"wp:attachment":[{"href":"https:\/\/cejc-madrid.org\/index.php\/wp-json\/wp\/v2\/media?parent=593"}],"wp:term":[{"taxonomy":"category","embeddable":true,"href":"https:\/\/cejc-madrid.org\/index.php\/wp-json\/wp\/v2\/categories?post=593"},{"taxonomy":"post_tag","embeddable":true,"href":"https:\/\/cejc-madrid.org\/index.php\/wp-json\/wp\/v2\/tags?post=593"}],"curies":[{"name":"wp","href":"https:\/\/api.w.org\/{rel}","templated":true}]}}