{"id":594,"date":"2021-06-18T11:06:50","date_gmt":"2021-06-18T11:06:50","guid":{"rendered":"https:\/\/upbeat-goodall.82-223-35-84.plesk.page\/index.php\/2021\/06\/18\/mesa-redonda-cejc\/"},"modified":"2021-06-18T11:06:50","modified_gmt":"2021-06-18T11:06:50","slug":"mesa-redonda-cejc","status":"publish","type":"post","link":"https:\/\/cejc-madrid.org\/index.php\/2021\/06\/18\/mesa-redonda-cejc\/","title":{"rendered":"Alfa &#038; Omega se hace eco de la mesa redonda del CEJC sobre \u2018Las consecuencias del acuerdo entre la Santa Sede y el Estado de Israel\u2019"},"content":{"rendered":"<p>La mesa redonda \u2018online\u2019 organizada por el Centro de Estudios Judeo-Cristianos sobre \u201c<em>Las consecuencias del acuerdo entre la Santa Sede y el Estado de Israel<\/em>\u201d, que tuvo lugar el pasado 16 de junio y en la que participaron el Nuncio Apost\u00f3lico en Espa\u00f1a, Mons. Bernardito C. Auza, y la Embajadora de Israel en Espa\u00f1a, Do\u00f1a Rodica Radian-Gordon, ha sido recogida por la publicaci\u00f3n Alfa &amp; Omega, en su edici\u00f3n digital del 17 de junio.<\/p>\n<p>Pueden acceder a dicha noticia a trav\u00e9s del enlace: <a href=\"https:\/\/alfayomega.es\/auza-la-santa-sede-e-israel-deben-trabajar-juntos-por-la-vida-de-todos\/\">https:\/\/alfayomega.es\/auza-la-santa-sede-e-israel-deben-trabajar-juntos-por-la-vida-de-todos\/<\/a><\/p>\n","protected":false},"excerpt":{"rendered":"<p>La mesa redonda \u2018online\u2019 organizada por el Centro de Estudios Judeo-Cristianos sobre \u201cLas consecuencias del acuerdo entre la Santa Sede y el Estado de Israel\u201d, que tuvo lugar el pasado 16 de junio y en la que participaron el Nuncio Apost\u00f3lico en Espa\u00f1a, Mons. Bernardito C. Auza, y la Embajadora de Israel en Espa\u00f1a, Do\u00f1a [&hellip;]<\/p>\n","protected":false},"author":1,"featured_media":0,"comment_status":"open","ping_status":"open","sticky":false,"template":"","format":"standard","meta":{"_et_pb_use_builder":"","_et_pb_old_content":"","_et_gb_content_width":"","footnotes":""},"categories":[1],"tags":[],"class_list":["post-594","post","type-post","status-publish","format-standard","hentry","category-uncategorized"],"_links":{"self":[{"href":"https:\/\/cejc-madrid.org\/index.php\/wp-json\/wp\/v2\/posts\/594","targetHints":{"allow":["GET"]}}],"collection":[{"href":"https:\/\/cejc-madrid.org\/index.php\/wp-json\/wp\/v2\/posts"}],"about":[{"href":"https:\/\/cejc-madrid.org\/index.php\/wp-json\/wp\/v2\/types\/post"}],"author":[{"embeddable":true,"href":"https:\/\/cejc-madrid.org\/index.php\/wp-json\/wp\/v2\/users\/1"}],"replies":[{"embeddable":true,"href":"https:\/\/cejc-madrid.org\/index.php\/wp-json\/wp\/v2\/comments?post=594"}],"version-history":[{"count":0,"href":"https:\/\/cejc-madrid.org\/index.php\/wp-json\/wp\/v2\/posts\/594\/revisions"}],"wp:attachment":[{"href":"https:\/\/cejc-madrid.org\/index.php\/wp-json\/wp\/v2\/media?parent=594"}],"wp:term":[{"taxonomy":"category","embeddable":true,"href":"https:\/\/cejc-madrid.org\/index.php\/wp-json\/wp\/v2\/categories?post=594"},{"taxonomy":"post_tag","embeddable":true,"href":"https:\/\/cejc-madrid.org\/index.php\/wp-json\/wp\/v2\/tags?post=594"}],"curies":[{"name":"wp","href":"https:\/\/api.w.org\/{rel}","templated":true}]}}