{"id":595,"date":"2021-06-30T09:24:40","date_gmt":"2021-06-30T09:24:40","guid":{"rendered":"https:\/\/upbeat-goodall.82-223-35-84.plesk.page\/index.php\/2021\/06\/30\/circular-222-abril-junio-2021-1\/"},"modified":"2024-11-27T09:32:38","modified_gmt":"2024-11-27T09:32:38","slug":"circular-222-abril-junio-2021-1","status":"publish","type":"post","link":"https:\/\/cejc-madrid.org\/index.php\/2021\/06\/30\/circular-222-abril-junio-2021-1\/","title":{"rendered":"Circular n\u00ba 222 Abril-Junio 2021"},"content":{"rendered":"<p>La circular de este trimestre se acerca a los siguientes temas:<\/p>\n<ul>\n<li>Clausura del Curso 2020-2021 del CEJC<\/li>\n<li>Nuevo nuncio en Tierra Santa<\/li>\n<li>Muere el \u00faltimo liberador de Auschwitz<\/li>\n<li>La libertad religiosa, en ca\u00edda libre<\/li>\n<li>Mesa redonda del CEJC con la presencia del Nuncio Apost\u00f3lico y la Embajadora de Israel<\/li>\n<li>Jos\u00e9 Ram\u00f3n Busto, \u2018Premio Carisma de Formaci\u00f3n y Espiritualidad\u2019<\/li>\n<li>Ronald S. Lauder, reelegido Presidente del Congreso Jud\u00edo Mundial<\/li>\n<li>La superviviente de Auschwitz Lidia Maksymowicz salud\u00f3 al Papa<\/li>\n<li>Zaragoza entrega la \u2018Estrella de Europa\u2019 al h\u00e9roe \u00c1ngel Sanz Briz<\/li>\n<li>Concentraci\u00f3n de apoyo a Israel en Madrid<\/li>\n<li>Las comunidades jud\u00edas del Golfo se re\u00fanen por primera vez para Iom HaSho\u00e1<\/li>\n<li>El Papa reforma el C\u00f3digo de Derecho Can\u00f3nico<\/li>\n<li>Israel ya ha eliminado casi todas las restricciones por la Covid-19<\/li>\n<li>Las religiones monote\u00edstas se encuentran en la Catedral de Burgos<\/li>\n<li>Hallados en Sud\u00e1n los restos de una catedral medieval nubia con pinturas murales<\/li>\n<li>Por primera vez desde la \u2018Gran Guerra\u2019, Alemania tendr\u00e1 un rabino jefe en sus fuerzas armadas<\/li>\n<li>Afganist\u00e1n quiere repatriar un libro hebreo medieval robado<\/li>\n<li>El ri\u00f1\u00f3n del ciudadano jud\u00edo asesinado en Lod salv\u00f3 la vida de una mujer \u00e1rabe<\/li>\n<li>La propagaci\u00f3n del antisemitismo<\/li>\n<li>Violencia contra los cristianos en India: Tan com\u00fan que \u2018ya nadie siente la necesidad de condenarla\u2019<\/li>\n<li>Noticias del Centro<\/li>\n<\/ul>\n","protected":false},"excerpt":{"rendered":"<p>La circular de este trimestre se acerca a los siguientes temas: Clausura del Curso 2020-2021 del CEJC Nuevo nuncio en Tierra Santa Muere el \u00faltimo liberador de Auschwitz La libertad religiosa, en ca\u00edda libre Mesa redonda del CEJC con la presencia del Nuncio Apost\u00f3lico y la Embajadora de Israel Jos\u00e9 Ram\u00f3n Busto, \u2018Premio Carisma de [&hellip;]<\/p>\n","protected":false},"author":1,"featured_media":2533,"comment_status":"open","ping_status":"open","sticky":false,"template":"","format":"standard","meta":{"_et_pb_use_builder":"","_et_pb_old_content":"","_et_gb_content_width":"","footnotes":""},"categories":[4],"tags":[204,179],"class_list":["post-595","post","type-post","status-publish","format-standard","has-post-thumbnail","hentry","category-circular","tag-amista-judeo-cristiana","tag-dialogo-interreligioso"],"_links":{"self":[{"href":"https:\/\/cejc-madrid.org\/index.php\/wp-json\/wp\/v2\/posts\/595","targetHints":{"allow":["GET"]}}],"collection":[{"href":"https:\/\/cejc-madrid.org\/index.php\/wp-json\/wp\/v2\/posts"}],"about":[{"href":"https:\/\/cejc-madrid.org\/index.php\/wp-json\/wp\/v2\/types\/post"}],"author":[{"embeddable":true,"href":"https:\/\/cejc-madrid.org\/index.php\/wp-json\/wp\/v2\/users\/1"}],"replies":[{"embeddable":true,"href":"https:\/\/cejc-madrid.org\/index.php\/wp-json\/wp\/v2\/comments?post=595"}],"version-history":[{"count":1,"href":"https:\/\/cejc-madrid.org\/index.php\/wp-json\/wp\/v2\/posts\/595\/revisions"}],"predecessor-version":[{"id":2534,"href":"https:\/\/cejc-madrid.org\/index.php\/wp-json\/wp\/v2\/posts\/595\/revisions\/2534"}],"wp:featuredmedia":[{"embeddable":true,"href":"https:\/\/cejc-madrid.org\/index.php\/wp-json\/wp\/v2\/media\/2533"}],"wp:attachment":[{"href":"https:\/\/cejc-madrid.org\/index.php\/wp-json\/wp\/v2\/media?parent=595"}],"wp:term":[{"taxonomy":"category","embeddable":true,"href":"https:\/\/cejc-madrid.org\/index.php\/wp-json\/wp\/v2\/categories?post=595"},{"taxonomy":"post_tag","embeddable":true,"href":"https:\/\/cejc-madrid.org\/index.php\/wp-json\/wp\/v2\/tags?post=595"}],"curies":[{"name":"wp","href":"https:\/\/api.w.org\/{rel}","templated":true}]}}