{"id":599,"date":"2021-10-07T14:25:20","date_gmt":"2021-10-07T14:25:20","guid":{"rendered":"https:\/\/upbeat-goodall.82-223-35-84.plesk.page\/index.php\/2021\/10\/07\/curso-2021-2022\/"},"modified":"2024-11-21T10:09:31","modified_gmt":"2024-11-21T10:09:31","slug":"curso-2021-2022","status":"publish","type":"post","link":"https:\/\/cejc-madrid.org\/index.php\/2021\/10\/07\/curso-2021-2022\/","title":{"rendered":"Ciclo de Conferencias Curso 2021\/2022"},"content":{"rendered":"<p><img loading=\"lazy\" decoding=\"async\" class=\"  wp-image-598\" style=\"display: block; margin-left: auto; margin-right: auto;\" src=\"https:\/\/cejc-madrid.org\/wp-content\/uploads\/2021\/10\/Imagen_programa_2021-2022.jpeg\" alt=\"Imagen programa 2021 2022\" width=\"225\" height=\"247\" \/><\/p>\n<p style=\"text-align: center;\"><span style=\"font-family: helvetica; font-size: 18pt;\"><strong style=\"color: #821c1c;\">\u00abLa Palabra de Dios ante el sufrimiento de la humanidad, en el juda\u00edsmo y en el cristianismo\u00bb<\/strong><\/span><\/p>\n<p>&nbsp;<\/p>\n<p style=\"color: #000000;\"><span style=\"font-size: 12pt;\"><strong>Apertura del Curso:<\/strong><\/span><\/p>\n<p style=\"color: #000000;\"><span style=\"font-size: 12pt;\">Mi\u00e9rcoles 3 de noviembre, a las 19:00 h:<\/span><\/p>\n<p style=\"color: #000000;\"><span style=\"font-size: 12pt;\"><strong>Tiempo y dolor en la Historia<\/strong><\/span><\/p>\n<p style=\"color: #000000;\"><span style=\"font-size: 12pt; color: #0000ff;\"><strong>Dr. Florentino Portero <\/strong>&#8211; <strong>Universidad Francisco de Vitoria<\/strong><\/span><\/p>\n<p>&nbsp;<\/p>\n<p style=\"color: #000000;\"><strong>NOVIEMBRE<\/strong><\/p>\n<p style=\"color: #000000;\">Mi\u00e9rcoles 10:<\/p>\n<p style=\"color: #000000;\"><strong>Las consecuencias de la desobediencia de Ad\u00e1n y Eva, seg\u00fan el relato b\u00edblico<\/strong><\/p>\n<p style=\"color: #0000ff;\"><em>Dra. E. Macarena Garc\u00eda Garc\u00eda <\/em>&#8211; <em>Universidad Complutense<\/em><\/p>\n<p style=\"color: #000000;\">Mi\u00e9rcoles 17:<\/p>\n<p style=\"color: #000000;\"><strong>\u201cDijo el Se\u00f1or: He visto la aflicci\u00f3n de mi pueblo en Egipto\u2026 He bajado para librarlo\u201d (Ex 3, 7-8)<\/strong><\/p>\n<p style=\"color: #0000ff;\"><em>Rab. Eli Bittan <\/em>&#8211; <em>Sinagoga Rambam<\/em><\/p>\n<p style=\"color: #000000;\">Mi\u00e9rcoles 24:<\/p>\n<p style=\"color: #000000;\"><strong>La traves\u00eda del desierto del pueblo de Israel como paradigma<\/strong><\/p>\n<p style=\"color: #0000ff;\"><em>Dr. Luis Vegas Montaner <\/em>&#8211; <em>Universidad Complutense<\/em><\/p>\n<p>&nbsp;<\/p>\n<p style=\"color: #000000;\"><strong>DICIEMBRE<\/strong><\/p>\n<p style=\"color: #000000;\">Mi\u00e9rcoles 1:<\/p>\n<p style=\"color: #000000;\"><strong>\u00bfQu\u00e9 nos ense\u00f1a el libro de Job sobre el sufrimiento?<\/strong><\/p>\n<p style=\"color: #0000ff;\"><em>Dra. Guadalupe Seijas <\/em>&#8211; <em>Universidad Complutense<\/em><\/p>\n<p style=\"color: #000000;\">Mi\u00e9rcoles 15:<\/p>\n<p style=\"color: #000000;\"><strong>La esperanza en el sufrimiento: Salmo 22 y 88<\/strong><\/p>\n<p style=\"color: #0000ff;\"><em>Dra. Cayetana Johnson <\/em>&#8211; <em>Universidad E. San D\u00e1maso<\/em><\/p>\n<p>&nbsp;<\/p>\n<p style=\"color: #000000;\"><strong>ENERO<\/strong><\/p>\n<p style=\"color: #000000;\">Mi\u00e9rcoles 12:<\/p>\n<p style=\"color: #000000;\"><strong>El sufrimiento como fuente de redenci\u00f3n: Is 5<\/strong><\/p>\n<p style=\"color: #000000;\"><em style=\"color: #0000ff;\">Rab. Pinhas Punturello &#8211; Ibn Gabirol-Estrella Toledano<\/em><\/p>\n<p style=\"color: #000000;\">Mi\u00e9rcoles 26:<\/p>\n<p style=\"color: #000000;\"><strong>Cine F\u00f3rum<\/strong><strong>: Conmemoraci\u00f3n de la Shoa<\/strong><\/p>\n<p style=\"color: #0000ff;\"><em>D\u00f1a. Marina Lara Rodr\u00edguez <\/em>&#8211; <em>CEJC<\/em><\/p>\n<p>&nbsp;<\/p>\n<p style=\"color: #000000;\"><strong>FEBRERO<\/strong><\/p>\n<p style=\"color: #000000;\">Mi\u00e9rcoles 2:<\/p>\n<p style=\"color: #000000;\"><strong>Libro de la Sabidur\u00eda de Salom\u00f3n: \u00bfPor qu\u00e9 Dios no evita sufrir a los que obedecen su Palabra?<\/strong><\/p>\n<p style=\"color: #000000;\"><em style=\"color: #0000ff;\">Dr. Jos\u00e9 Ram\u00f3n Busto &#8211; Profesor em\u00e9rito Universidad P. Comillas<\/em><\/p>\n<p style=\"color: #000000;\">Mi\u00e9rcoles 9:<\/p>\n<p style=\"color: #000000;\"><strong>Mesa redonda<\/strong><strong>: Entregar la vida para ganarla<\/strong><\/p>\n<p style=\"color: #0000ff;\"><em>Dr. \u00c1ngel J. Sastre Beceiros &#8211; M\u00e9dico de Atenci\u00f3n Primaria<\/em><\/p>\n<p style=\"color: #0000ff;\"><em>Dra. Carolina Chocr\u00f3n &#8211; Hospital Pr\u00edncipe de Asturias<\/em><\/p>\n<p style=\"color: #0000ff;\"><em>Dra. Esther Querub &#8211; Coordinadora M\u00e9dicos Emergencias CJM<\/em><\/p>\n<p style=\"color: #000000;\">Mi\u00e9rcoles 16:<\/p>\n<p style=\"color: #000000;\"><strong>Cumplir los Mandamientos dando la vida, seg\u00fan el ejemplo de Rab\u00ed Akiba (Kidush HaShem)<\/strong><\/p>\n<p style=\"color: #0000ff;\"><em>Rab. Moshe Bendahan <\/em>&#8211; <em>Pdte. Consejo Rab\u00ednico de Espa\u00f1a<\/em><\/p>\n<p style=\"color: #000000;\">Mi\u00e9rcoles 23:<\/p>\n<p style=\"color: #000000;\"><strong>Mesa redonda<\/strong><strong>: <\/strong><strong>\u201c\u00bfD\u00f3nde se encuentra <\/strong><strong>Dios en las cat\u00e1strofes?\u201d<\/strong><\/p>\n<p style=\"color: #0000ff;\"><em>MA Ethel Barylka &#8211; Education for Impact<\/em><\/p>\n<p style=\"color: #0000ff;\"><em>Dr. Manuel Reyes Mate &#8211; Prof. investigaci\u00f3n ad honorem CSIC<\/em><\/p>\n<p>&nbsp;<\/p>\n<p style=\"color: #000000;\"><strong>MARZO<\/strong><\/p>\n<p style=\"color: #000000;\">Mi\u00e9rcoles 2:<\/p>\n<p style=\"color: #000000;\"><strong>Una respuesta de fe ante la eterna pregunta: \u00bfPor qu\u00e9 le pasan cosas malas a la gente buena?<\/strong><\/p>\n<p style=\"color: #0000ff;\"><em style=\"background-color: inherit;\">P. Ra\u00fal Bl\u00e1zquez Castillo <\/em><span style=\"background-color: inherit;\">&#8211; <\/span><em style=\"background-color: inherit;\">Universidad E. San D\u00e1maso<\/em><\/p>\n<p style=\"color: #000000;\">Mi\u00e9rcoles 9:<\/p>\n<p style=\"color: #000000;\"><strong>\u00bfPara qu\u00e9 el mal? El Dios creador y regenerador<\/strong><\/p>\n<p style=\"color: #0000ff;\"><em>Dr. Luis S\u00e1nchez Navarro <\/em>&#8211; <em>Universidad E. San D\u00e1maso<\/em><\/p>\n<p style=\"color: #000000;\">Mi\u00e9rcoles 16:<\/p>\n<p style=\"color: #000000;\"><strong>La persecuci\u00f3n como fuente de sufrimiento y fuente de libertad<\/strong><\/p>\n<p style=\"color: #0000ff;\"><em style=\"background-color: inherit;\">P. Luis Montes <\/em><span style=\"background-color: inherit;\">&#8211; <\/span><em style=\"background-color: inherit;\">Misionero Orden del Verbo Encarnado<\/em><\/p>\n<p style=\"color: #000000;\">Mi\u00e9rcoles 23:<\/p>\n<p style=\"color: #000000;\"><strong>\u00bfC\u00f3mo se relacionan el juda\u00edsmo y el cristianismo con el sufrimiento a la luz de la fe<\/strong><\/p>\n<p style=\"color: #000000;\"><em style=\"color: #0000ff;\">Dr. Elio Passeto &#8211; Instituto Ratisbonne Jesuralem<\/em><\/p>\n<p style=\"color: #000000;\">Mi\u00e9rcoles 30:<\/p>\n<p style=\"color: #000000;\"><strong>\u201cPadre m\u00edo, si es posible, aparta de m\u00ed ese c\u00e1liz\u201d (Mt 26, 39)<\/strong><\/p>\n<p style=\"color: #0000ff;\"><em>Dr. Donizeti Ribeiro <\/em>&#8211; <em>Superior NDS<\/em><\/p>\n<p>&nbsp;<\/p>\n<p style=\"color: #000000;\"><strong>ABRIL<\/strong><strong>\u00a0<\/strong><\/p>\n<p style=\"color: #000000;\">Mi\u00e9rcoles 6:<\/p>\n<p style=\"color: #000000;\"><strong>El sufrimiento como ocasi\u00f3n para descubrir la Palabra de Dios &#8211; Ejemplo: Misioneras de la Caridad<\/strong><\/p>\n<p style=\"color: #0000ff;\"><em style=\"background-color: inherit;\">D. Pedro Jara <\/em><span style=\"background-color: inherit;\">&#8211; <\/span><em style=\"background-color: inherit;\">Di\u00e1cono Permanente Arzobispado de Madrid<\/em><\/p>\n<p style=\"color: #000000;\">Mi\u00e9rcoles 27:<\/p>\n<p style=\"color: #000000;\"><strong>Dios sufre con los que sufren<\/strong><\/p>\n<p style=\"color: #0000ff;\"><em>Rab. Yerahmiel Barylka <\/em>&#8211; <em>Ex rabino Sinagoga Rambam<\/em><\/p>\n<p>&nbsp;<\/p>\n<p style=\"color: #000000;\"><strong>MAYO <\/strong><\/p>\n<p style=\"color: #000000;\">Mi\u00e9rcoles 4:<\/p>\n<p style=\"color: #000000;\"><strong>\u00bfQu\u00e9 nos ense\u00f1a la Palabra de Dios ante el sufrimiento de la muerte?<\/strong><\/p>\n<p style=\"color: #000000;\"><em style=\"color: #0000ff;\">Dra. M. Dolores Puerta &#8211; Cuidados Paliativos F. Vianorte-Laguna<\/em><\/p>\n<p style=\"color: #000000;\">Mi\u00e9rcoles 11:<\/p>\n<p style=\"color: #000000;\"><strong>Seguir la vida a pesar del sufrimiento (ejemplos de grandes santos)<\/strong><\/p>\n<p style=\"color: #0000ff;\"><em>Dr. Tiago Rangel <\/em>&#8211; <em>Notre Dame de Sion<\/em><\/p>\n<p style=\"color: #000000;\">Mi\u00e9rcoles 18:<\/p>\n<p style=\"color: #000000;\"><strong>\u00bfCu\u00e1l debe ser nuestra actitud ante el sufrimiento del otro y de la humanidad?<\/strong><\/p>\n<p style=\"color: #000000;\"><em style=\"color: #0000ff;\">Dr. F. Javier Fdez. Vallina &#8211; Universidad Complutense<\/em><\/p>\n<p>&nbsp;<\/p>\n<p style=\"color: #000000;\"><strong>Clausura de Curso:<\/strong><\/p>\n<p style=\"color: #000000;\">Mi\u00e9rcoles 25 de mayo, a las 19:30 h:<\/p>\n<p style=\"color: #000000;\"><strong>\u00bfC\u00f3mo interpretar la Palabra de Dios ante el sufrimiento actual?<\/strong><\/p>\n<p style=\"color: #000000;\"><strong style=\"color: #0000ff;\">Dr. Manuel Fraij\u00f3 Nieto &#8211; Catedr\u00e1tico em\u00e9rito UNED<\/strong><\/p>\n<p style=\"color: #000000;\">\n","protected":false},"excerpt":{"rendered":"<p>\u00abLa Palabra de Dios ante el sufrimiento de la humanidad, en el juda\u00edsmo y en el cristianismo\u00bb &nbsp; Apertura del Curso: Mi\u00e9rcoles 3 de noviembre, a las 19:00 h: Tiempo y dolor en la Historia Dr. Florentino Portero &#8211; Universidad Francisco de Vitoria &nbsp; NOVIEMBRE Mi\u00e9rcoles 10: Las consecuencias de la desobediencia de Ad\u00e1n y [&hellip;]<\/p>\n","protected":false},"author":1,"featured_media":598,"comment_status":"open","ping_status":"open","sticky":true,"template":"","format":"standard","meta":{"_et_pb_use_builder":"","_et_pb_old_content":"","_et_gb_content_width":"","footnotes":""},"categories":[239],"tags":[178,179],"class_list":["post-599","post","type-post","status-publish","format-standard","has-post-thumbnail","hentry","category-conferencias","tag-amistad-judeo-cristiana","tag-dialogo-interreligioso"],"_links":{"self":[{"href":"https:\/\/cejc-madrid.org\/index.php\/wp-json\/wp\/v2\/posts\/599","targetHints":{"allow":["GET"]}}],"collection":[{"href":"https:\/\/cejc-madrid.org\/index.php\/wp-json\/wp\/v2\/posts"}],"about":[{"href":"https:\/\/cejc-madrid.org\/index.php\/wp-json\/wp\/v2\/types\/post"}],"author":[{"embeddable":true,"href":"https:\/\/cejc-madrid.org\/index.php\/wp-json\/wp\/v2\/users\/1"}],"replies":[{"embeddable":true,"href":"https:\/\/cejc-madrid.org\/index.php\/wp-json\/wp\/v2\/comments?post=599"}],"version-history":[{"count":2,"href":"https:\/\/cejc-madrid.org\/index.php\/wp-json\/wp\/v2\/posts\/599\/revisions"}],"predecessor-version":[{"id":2504,"href":"https:\/\/cejc-madrid.org\/index.php\/wp-json\/wp\/v2\/posts\/599\/revisions\/2504"}],"wp:featuredmedia":[{"embeddable":true,"href":"https:\/\/cejc-madrid.org\/index.php\/wp-json\/wp\/v2\/media\/598"}],"wp:attachment":[{"href":"https:\/\/cejc-madrid.org\/index.php\/wp-json\/wp\/v2\/media?parent=599"}],"wp:term":[{"taxonomy":"category","embeddable":true,"href":"https:\/\/cejc-madrid.org\/index.php\/wp-json\/wp\/v2\/categories?post=599"},{"taxonomy":"post_tag","embeddable":true,"href":"https:\/\/cejc-madrid.org\/index.php\/wp-json\/wp\/v2\/tags?post=599"}],"curies":[{"name":"wp","href":"https:\/\/api.w.org\/{rel}","templated":true}]}}