{"id":60,"date":"2011-11-04T11:21:26","date_gmt":"2011-11-04T11:21:26","guid":{"rendered":"https:\/\/upbeat-goodall.82-223-35-84.plesk.page\/index.php\/2011\/11\/04\/el-olivo-no-57\/"},"modified":"2011-11-04T11:21:26","modified_gmt":"2011-11-04T11:21:26","slug":"el-olivo-no-57","status":"publish","type":"post","link":"https:\/\/cejc-madrid.org\/index.php\/2011\/11\/04\/el-olivo-no-57\/","title":{"rendered":"El Olivo n\u00ba 57"},"content":{"rendered":"<p align=\"center\"><b>EL OLIVO    n\u00ba 57<\/b><\/p>\n<p align=\"center\">\u00a0<\/p>\n<p align=\"center\">Enero &#8211; Julio 2003<\/p>\n<p align=\"center\">\u00a0<\/p>\n<p align=\"center\"><span style=\"text-decoration: underline;\">\u00cdndice<\/span><\/p>\n<p align=\"center\"><b><i>Rosa  Castillo in memoriam<\/i><\/b><\/p>\n<p align=\"left\">\u00a0<\/p>\n<p align=\"left\"><b>Algunas ra\u00edces  jud\u00edas de la liturgia cristiana &#8211;<\/b><i><b> <\/b><\/i>Ionel Mihalovici &#8211; Centro de Estudios  Judeo-Cristianos<b>&nbsp;<\/b><\/p>\n<p align=\"left\"><b>Alianza &#8211;<\/b><i><b> <\/b><\/i>Norman Solomon  &#8211; Oxford<b>&nbsp;<\/b><\/p>\n<p align=\"left\"><b>Cumplir la  Escritura<\/b><i> &#8211;<\/i> Luis F. Gir\u00f3n Blanc<i> &#8211; <\/i>Universidad Complutense de Madrid<b>&nbsp;<\/b><\/p>\n<p align=\"left\"><b>Maim\u00f3nides y el  \u00abestilo po\u00e9tico\u00bb-<\/b><i><b> <\/b><\/i>Antonio R\u00edos Rojas<i> &#8211; <\/i>Universidad de  Castilla-La Mancha<b>Revisi\u00f3n de las  relaciones judeocristianas: una evaluaci\u00f3n de perspectivas  contempor\u00e1neas &#8211;<\/b><i><b> <\/b><\/i>John T. Pawlikowski<i> &#8211; <\/i> Chicago<b>&nbsp;<\/b><\/p>\n<p align=\"left\"><b>Eliminar la  pol\u00e9mica antijud\u00eda de nuestros leccionarios cristianos: una  propuesta &#8211;<\/b><i><b> <\/b><\/i>Norman A. Beck<b><\/b><\/p>\n<p align=\"left\">\u00a0<\/p>\n<p align=\"left\"><b>Documentaci\u00f3n:<\/b><b><\/b><\/p>\n<p align=\"left\"><b>Una comprensi\u00f3n  jud\u00eda y cristiana de una sociedad justa<\/b><i><\/i><\/p>\n<p align=\"left\"><i>Declaraci\u00f3n del Comit\u00e9 Teol\u00f3gico del  International Council of Christians and Jews. Julio 2001 <\/i><\/p>\n<blockquote>\n","protected":false},"excerpt":{"rendered":"<p>EL OLIVO n\u00ba 57 \u00a0 Enero &#8211; Julio 2003 \u00a0 \u00cdndice Rosa Castillo in memoriam \u00a0 Algunas ra\u00edces jud\u00edas de la liturgia cristiana &#8211; Ionel Mihalovici &#8211; Centro de Estudios Judeo-Cristianos&nbsp; Alianza &#8211; Norman Solomon &#8211; Oxford&nbsp; Cumplir la Escritura &#8211; Luis F. Gir\u00f3n Blanc &#8211; Universidad Complutense de Madrid&nbsp; Maim\u00f3nides y el \u00abestilo po\u00e9tico\u00bb- [&hellip;]<\/p>\n","protected":false},"author":1,"featured_media":0,"comment_status":"open","ping_status":"open","sticky":false,"template":"","format":"standard","meta":{"_et_pb_use_builder":"","_et_pb_old_content":"","_et_gb_content_width":"","footnotes":""},"categories":[25],"tags":[],"class_list":["post-60","post","type-post","status-publish","format-standard","hentry","category-revista-qel-olivoq"],"_links":{"self":[{"href":"https:\/\/cejc-madrid.org\/index.php\/wp-json\/wp\/v2\/posts\/60","targetHints":{"allow":["GET"]}}],"collection":[{"href":"https:\/\/cejc-madrid.org\/index.php\/wp-json\/wp\/v2\/posts"}],"about":[{"href":"https:\/\/cejc-madrid.org\/index.php\/wp-json\/wp\/v2\/types\/post"}],"author":[{"embeddable":true,"href":"https:\/\/cejc-madrid.org\/index.php\/wp-json\/wp\/v2\/users\/1"}],"replies":[{"embeddable":true,"href":"https:\/\/cejc-madrid.org\/index.php\/wp-json\/wp\/v2\/comments?post=60"}],"version-history":[{"count":0,"href":"https:\/\/cejc-madrid.org\/index.php\/wp-json\/wp\/v2\/posts\/60\/revisions"}],"wp:attachment":[{"href":"https:\/\/cejc-madrid.org\/index.php\/wp-json\/wp\/v2\/media?parent=60"}],"wp:term":[{"taxonomy":"category","embeddable":true,"href":"https:\/\/cejc-madrid.org\/index.php\/wp-json\/wp\/v2\/categories?post=60"},{"taxonomy":"post_tag","embeddable":true,"href":"https:\/\/cejc-madrid.org\/index.php\/wp-json\/wp\/v2\/tags?post=60"}],"curies":[{"name":"wp","href":"https:\/\/api.w.org\/{rel}","templated":true}]}}