{"id":601,"date":"2021-11-05T10:26:38","date_gmt":"2021-11-05T10:26:38","guid":{"rendered":"https:\/\/upbeat-goodall.82-223-35-84.plesk.page\/index.php\/2021\/11\/05\/apertura-del-nuevo-curso-2021-2022-del-cejc\/"},"modified":"2021-11-05T10:26:38","modified_gmt":"2021-11-05T10:26:38","slug":"apertura-del-nuevo-curso-2021-2022-del-cejc","status":"publish","type":"post","link":"https:\/\/cejc-madrid.org\/index.php\/2021\/11\/05\/apertura-del-nuevo-curso-2021-2022-del-cejc\/","title":{"rendered":"Apertura del nuevo curso 2021\/2022 del CEJC"},"content":{"rendered":"<p>El pasado mi\u00e9rcoles 3 de noviembre tuvimos el placer de celebrar la inauguraci\u00f3n del nuevo curso acad\u00e9mico 2021\/2022, en la sede del Colegio Mayor de San Pablo-CEU, con la conferencia magistral \u201cTiempo y dolor en la Historia\u201d, a cargo del profesor Dr. Florentino Portero, de la UFV.<\/p>\n<p>El acto fue presidido por D. Alfonso Bull\u00f3n de Mendoza, Presidente de la ACdP y la Fundaci\u00f3n Cultural \u00c1ngel Herrera Oria, e intervinieron D\u00f1a. Mayte Rodr\u00edguez, Directora del Centro de Estudios Judeo-Cristianos; D. Isaac Benzaqu\u00e9n, Presidente de la Federaci\u00f3n de Comunidades Jud\u00edas de Espa\u00f1a; y Mons. Carlos Osoro, Cardenal-Arzobispo de Madrid. Contamos con la presencia del Primer Consejero de la Nunciatura Apost\u00f3lica, Mons. Daniele Liessi; el Rector de la Universidad E. San D\u00e1maso, D. Javier Prades; la Portavoz de la Embajada de Israel, D\u00f1a. Noa Hakim; el Director de la Subcomisi\u00f3n Episcopal de Relaciones Interconfersionales y Di\u00e1logo Interreligioso de la CEE, D. Rafael V\u00e1zquez; el Rabino del Colegio Ibn-Gabirol Estrella Toledano, Rab. Pinhas Punturello; el P\u00e1rroco de la Iglesia Protestante de Habla Alemana en Madrid, D. Simon W. D\u00f6brich; y la representante de la Junta Directiva de la Comunidad Jud\u00eda de Madrid, D\u00f1a. Berta Bensad\u00f3n, as\u00ed como de amigos y socios del CEJC.<\/p>\n","protected":false},"excerpt":{"rendered":"<p>El pasado mi\u00e9rcoles 3 de noviembre tuvimos el placer de celebrar la inauguraci\u00f3n del nuevo curso acad\u00e9mico 2021\/2022, en la sede del Colegio Mayor de San Pablo-CEU, con la conferencia magistral \u201cTiempo y dolor en la Historia\u201d, a cargo del profesor Dr. Florentino Portero, de la UFV. El acto fue presidido por D. Alfonso Bull\u00f3n [&hellip;]<\/p>\n","protected":false},"author":1,"featured_media":0,"comment_status":"open","ping_status":"open","sticky":false,"template":"","format":"standard","meta":{"_et_pb_use_builder":"","_et_pb_old_content":"","_et_gb_content_width":"","footnotes":""},"categories":[1],"tags":[],"class_list":["post-601","post","type-post","status-publish","format-standard","hentry","category-uncategorized"],"_links":{"self":[{"href":"https:\/\/cejc-madrid.org\/index.php\/wp-json\/wp\/v2\/posts\/601","targetHints":{"allow":["GET"]}}],"collection":[{"href":"https:\/\/cejc-madrid.org\/index.php\/wp-json\/wp\/v2\/posts"}],"about":[{"href":"https:\/\/cejc-madrid.org\/index.php\/wp-json\/wp\/v2\/types\/post"}],"author":[{"embeddable":true,"href":"https:\/\/cejc-madrid.org\/index.php\/wp-json\/wp\/v2\/users\/1"}],"replies":[{"embeddable":true,"href":"https:\/\/cejc-madrid.org\/index.php\/wp-json\/wp\/v2\/comments?post=601"}],"version-history":[{"count":0,"href":"https:\/\/cejc-madrid.org\/index.php\/wp-json\/wp\/v2\/posts\/601\/revisions"}],"wp:attachment":[{"href":"https:\/\/cejc-madrid.org\/index.php\/wp-json\/wp\/v2\/media?parent=601"}],"wp:term":[{"taxonomy":"category","embeddable":true,"href":"https:\/\/cejc-madrid.org\/index.php\/wp-json\/wp\/v2\/categories?post=601"},{"taxonomy":"post_tag","embeddable":true,"href":"https:\/\/cejc-madrid.org\/index.php\/wp-json\/wp\/v2\/tags?post=601"}],"curies":[{"name":"wp","href":"https:\/\/api.w.org\/{rel}","templated":true}]}}