{"id":602,"date":"2021-11-15T12:04:46","date_gmt":"2021-11-15T12:04:46","guid":{"rendered":"https:\/\/upbeat-goodall.82-223-35-84.plesk.page\/index.php\/2021\/11\/15\/olivo-n-94\/"},"modified":"2021-11-15T12:04:46","modified_gmt":"2021-11-15T12:04:46","slug":"olivo-n-94","status":"publish","type":"post","link":"https:\/\/cejc-madrid.org\/index.php\/2021\/11\/15\/olivo-n-94\/","title":{"rendered":"OLIVO N\u00ba 94"},"content":{"rendered":"<p>Julio &#8211; Diciembre 2021<\/p>\n<p><strong>El retorno del exilio: algunas consideraciones<\/strong> &#8211;&nbsp;<em style=\"background-color: inherit;\">Macarena Garc\u00eda Garc\u00eda &#8211; Universidad Complutense de Madrid<\/em><\/p>\n<p><strong>La Apocal\u00edptica: literatura de resistencia frente al poder pol\u00edtico<\/strong> &#8211;&nbsp;<em>Jos\u00e9 Ram\u00f3n Busto Saiz, S.J. &#8211; Universidad Pontificia Comillas<\/em><\/p>\n<p><strong>El poder del Estado en la visi\u00f3n de los sabios jud\u00edos<\/strong> &#8211;&nbsp;<em>Ethel Barylka &#8211; Education for Impact<\/em><\/p>\n<p><strong>Los emperadores te\u00f3logos: concilios, sabidur\u00eda e imperio cristiano en la antig\u00fcedad tard\u00eda<\/strong> &#8211;&nbsp;<em>Manuel Alejandro Rodr\u00edguez de la Pe\u00f1a &#8211; Universidad San Pablo-CEU<\/em><\/p>\n<p><strong>\u00bfEs imaginable hoy un Estado cristiano?<\/strong> &#8211;&nbsp;<em>Florentino Portero Rodr\u00edguez &#8211; Universidad Francisco de Vitoria<\/em><\/p>\n<p><strong>Las consecuencias para la fe cristiana de la separaci\u00f3n entre Iglesia y Estado<\/strong> &#8211;&nbsp;<em>Javier M. Prades L\u00f3pez &#8211; Universidad E. San D\u00e1maso<\/em><\/p>\n<p><strong>Los principios judeo-cristianos en la constituci\u00f3n del Estado laico<\/strong> &#8211;&nbsp;<em>Carlos Garc\u00eda de Andoin &#8211; BAM-Universidad de Deusto<\/em><\/p>\n<p><strong>De hebra\u00edsmo y hebra\u00edstas en la Real Academia de la Historia: trabajos publicados en su <em>Bolet\u00edn <\/em>sobre Historia, Sociedad y Cultura jud\u00eda (1877-2020) <\/strong>&#8211;&nbsp;<em>Amparo Alba Cecilia &#8211;&nbsp;<em style=\"background-color: inherit;\">Universidad Complutense de Madrid<\/em><\/em><\/p>\n","protected":false},"excerpt":{"rendered":"<p>Julio &#8211; Diciembre 2021 El retorno del exilio: algunas consideraciones &#8211;&nbsp;Macarena Garc\u00eda Garc\u00eda &#8211; Universidad Complutense de Madrid La Apocal\u00edptica: literatura de resistencia frente al poder pol\u00edtico &#8211;&nbsp;Jos\u00e9 Ram\u00f3n Busto Saiz, S.J. &#8211; Universidad Pontificia Comillas El poder del Estado en la visi\u00f3n de los sabios jud\u00edos &#8211;&nbsp;Ethel Barylka &#8211; Education for Impact Los emperadores [&hellip;]<\/p>\n","protected":false},"author":1,"featured_media":0,"comment_status":"open","ping_status":"open","sticky":false,"template":"","format":"standard","meta":{"_et_pb_use_builder":"","_et_pb_old_content":"","_et_gb_content_width":"","footnotes":""},"categories":[25],"tags":[],"class_list":["post-602","post","type-post","status-publish","format-standard","hentry","category-revista-qel-olivoq"],"_links":{"self":[{"href":"https:\/\/cejc-madrid.org\/index.php\/wp-json\/wp\/v2\/posts\/602","targetHints":{"allow":["GET"]}}],"collection":[{"href":"https:\/\/cejc-madrid.org\/index.php\/wp-json\/wp\/v2\/posts"}],"about":[{"href":"https:\/\/cejc-madrid.org\/index.php\/wp-json\/wp\/v2\/types\/post"}],"author":[{"embeddable":true,"href":"https:\/\/cejc-madrid.org\/index.php\/wp-json\/wp\/v2\/users\/1"}],"replies":[{"embeddable":true,"href":"https:\/\/cejc-madrid.org\/index.php\/wp-json\/wp\/v2\/comments?post=602"}],"version-history":[{"count":0,"href":"https:\/\/cejc-madrid.org\/index.php\/wp-json\/wp\/v2\/posts\/602\/revisions"}],"wp:attachment":[{"href":"https:\/\/cejc-madrid.org\/index.php\/wp-json\/wp\/v2\/media?parent=602"}],"wp:term":[{"taxonomy":"category","embeddable":true,"href":"https:\/\/cejc-madrid.org\/index.php\/wp-json\/wp\/v2\/categories?post=602"},{"taxonomy":"post_tag","embeddable":true,"href":"https:\/\/cejc-madrid.org\/index.php\/wp-json\/wp\/v2\/tags?post=602"}],"curies":[{"name":"wp","href":"https:\/\/api.w.org\/{rel}","templated":true}]}}