{"id":603,"date":"2021-12-16T10:17:20","date_gmt":"2021-12-16T10:17:20","guid":{"rendered":"https:\/\/upbeat-goodall.82-223-35-84.plesk.page\/index.php\/2021\/12\/16\/circular-223-octubre-diciembre-2021\/"},"modified":"2024-11-27T09:31:20","modified_gmt":"2024-11-27T09:31:20","slug":"circular-223-octubre-diciembre-2021","status":"publish","type":"post","link":"https:\/\/cejc-madrid.org\/index.php\/2021\/12\/16\/circular-223-octubre-diciembre-2021\/","title":{"rendered":"Circular n\u00ba 223 Octubre-Diciembre 2021"},"content":{"rendered":"<p>La circular de este trimestre se acerca a los siguientes temas:<\/p>\n<ul>\n<li>El CEJC inaugura el Curso 2021-2022<\/li>\n<li>Un mill\u00f3n de personas asistieron al Muro de los Lamentos durante las recientes fiestas jud\u00edas<\/li>\n<li>El Papa advierte del resurgir del antisemitismo en Europa<\/li>\n<li>Steinmeier recuerda la culpa alemana en el aniversario de la deportaci\u00f3n de los jud\u00edos<\/li>\n<li>El \u2018boom\u2019 del cristianismo en Ir\u00e1n<\/li>\n<li>Luis Ferreiro, primer espa\u00f1ol premiado por el Museo Estatal de Auschwitz-Birkenau<\/li>\n<li>Una famosa imagen de Cristo crucificado quemada en Nicaragua ser\u00e1 restaurada<\/li>\n<li>Vandalizado el monumento a las v\u00edctimas del Holocausto de Oviedo<\/li>\n<li>Nueva York proh\u00edbe las esv\u00e1sticas en la propiedad p\u00fablica<\/li>\n<li>Se intensifica el genocidio yihadista contra los cristianos en Nigeria<\/li>\n<li>La lista Sanz Briz del \u00c1ngel de Budapest<\/li>\n<li>La Universidad Francisco de Vitoria inviste <em>doctor honoris causa<\/em> al Rabino David Shlomo Rosen y a Kiko Arg\u00fcello<\/li>\n<li>Evidencias arqueol\u00f3gicas de la historia de Januc\u00e1<\/li>\n<li>Revolucionario invento israel\u00ed para olvidar las suturas<\/li>\n<li>Esteban Ibarra, Premio Or Januc\u00e1 5782<\/li>\n<li>El presidente y director ejecutivo de Pfizer, Daniel Bourla, recibe el premio Theodor Herzl<\/li>\n<li>El shekel israel\u00ed, la monedas m\u00e1s fuerte del mundo<\/li>\n<li>Noticias del Centro<\/li>\n<\/ul>\n","protected":false},"excerpt":{"rendered":"<p>La circular de este trimestre se acerca a los siguientes temas: El CEJC inaugura el Curso 2021-2022 Un mill\u00f3n de personas asistieron al Muro de los Lamentos durante las recientes fiestas jud\u00edas El Papa advierte del resurgir del antisemitismo en Europa Steinmeier recuerda la culpa alemana en el aniversario de la deportaci\u00f3n de los jud\u00edos [&hellip;]<\/p>\n","protected":false},"author":1,"featured_media":2531,"comment_status":"open","ping_status":"open","sticky":false,"template":"","format":"standard","meta":{"_et_pb_use_builder":"","_et_pb_old_content":"","_et_gb_content_width":"","footnotes":""},"categories":[4],"tags":[178,188,179],"class_list":["post-603","post","type-post","status-publish","format-standard","has-post-thumbnail","hentry","category-circular","tag-amistad-judeo-cristiana","tag-antisemitismo","tag-dialogo-interreligioso"],"_links":{"self":[{"href":"https:\/\/cejc-madrid.org\/index.php\/wp-json\/wp\/v2\/posts\/603","targetHints":{"allow":["GET"]}}],"collection":[{"href":"https:\/\/cejc-madrid.org\/index.php\/wp-json\/wp\/v2\/posts"}],"about":[{"href":"https:\/\/cejc-madrid.org\/index.php\/wp-json\/wp\/v2\/types\/post"}],"author":[{"embeddable":true,"href":"https:\/\/cejc-madrid.org\/index.php\/wp-json\/wp\/v2\/users\/1"}],"replies":[{"embeddable":true,"href":"https:\/\/cejc-madrid.org\/index.php\/wp-json\/wp\/v2\/comments?post=603"}],"version-history":[{"count":1,"href":"https:\/\/cejc-madrid.org\/index.php\/wp-json\/wp\/v2\/posts\/603\/revisions"}],"predecessor-version":[{"id":2532,"href":"https:\/\/cejc-madrid.org\/index.php\/wp-json\/wp\/v2\/posts\/603\/revisions\/2532"}],"wp:featuredmedia":[{"embeddable":true,"href":"https:\/\/cejc-madrid.org\/index.php\/wp-json\/wp\/v2\/media\/2531"}],"wp:attachment":[{"href":"https:\/\/cejc-madrid.org\/index.php\/wp-json\/wp\/v2\/media?parent=603"}],"wp:term":[{"taxonomy":"category","embeddable":true,"href":"https:\/\/cejc-madrid.org\/index.php\/wp-json\/wp\/v2\/categories?post=603"},{"taxonomy":"post_tag","embeddable":true,"href":"https:\/\/cejc-madrid.org\/index.php\/wp-json\/wp\/v2\/tags?post=603"}],"curies":[{"name":"wp","href":"https:\/\/api.w.org\/{rel}","templated":true}]}}