{"id":604,"date":"2022-02-01T10:46:14","date_gmt":"2022-02-01T10:46:14","guid":{"rendered":"https:\/\/upbeat-goodall.82-223-35-84.plesk.page\/index.php\/2022\/02\/01\/el-cejc-presente-en-los-actos-institucionales-de-conmemoracion-de-las-victimas-del-holocausto\/"},"modified":"2022-02-01T10:46:14","modified_gmt":"2022-02-01T10:46:14","slug":"el-cejc-presente-en-los-actos-institucionales-de-conmemoracion-de-las-victimas-del-holocausto","status":"publish","type":"post","link":"https:\/\/cejc-madrid.org\/index.php\/2022\/02\/01\/el-cejc-presente-en-los-actos-institucionales-de-conmemoracion-de-las-victimas-del-holocausto\/","title":{"rendered":"El CEJC, presente en los actos institucionales de conmemoraci\u00f3n de las v\u00edctimas del Holocausto"},"content":{"rendered":"<p>Tanto el Senado de Espa\u00f1a como la Asamblea de Madrid, rindieron una vez m\u00e1s el tradicional homenaje a las v\u00edctimas de la Shoa en sendos actos conmemorativos del D\u00eda Oficial de la Memoria del Holocausto y la Prevenci\u00f3n de los Cr\u00edmenes contra la Humanidad, los pasados 27 y 28 de enero, respectivamente.<\/p>\n<p>El Centro de Estudios Judeo-Cristianos asisti\u00f3 a ambos actos. En el caso del celebrado en la Asamblea de Madrid el viernes 28 de enero, el CEJC tuvo adem\u00e1s el honor de participar en el habitual encendido de las velas en recuerdo de los seis millones de jud\u00edos asesinados, de la mano de la Directora de nuestro Centro, D\u00f1a. Mayte Rodr\u00edguez.<\/p>\n<p>Dicho acto completo puede verse en el siguiente enlace:<\/p>\n<p><a href=\"https:\/\/youtu.be\/tOkKOLG3tgQ\">https:\/\/youtu.be\/tOkKOLG3tgQ<\/a><\/p>\n","protected":false},"excerpt":{"rendered":"<p>Tanto el Senado de Espa\u00f1a como la Asamblea de Madrid, rindieron una vez m\u00e1s el tradicional homenaje a las v\u00edctimas de la Shoa en sendos actos conmemorativos del D\u00eda Oficial de la Memoria del Holocausto y la Prevenci\u00f3n de los Cr\u00edmenes contra la Humanidad, los pasados 27 y 28 de enero, respectivamente. El Centro de [&hellip;]<\/p>\n","protected":false},"author":1,"featured_media":0,"comment_status":"open","ping_status":"open","sticky":false,"template":"","format":"standard","meta":{"_et_pb_use_builder":"","_et_pb_old_content":"","_et_gb_content_width":"","footnotes":""},"categories":[1],"tags":[210,127,116,209],"class_list":["post-604","post","type-post","status-publish","format-standard","hentry","category-uncategorized","tag-crimenes-contra-la-humanidad","tag-holocausto","tag-shoah","tag-victimas-de-odio"],"_links":{"self":[{"href":"https:\/\/cejc-madrid.org\/index.php\/wp-json\/wp\/v2\/posts\/604","targetHints":{"allow":["GET"]}}],"collection":[{"href":"https:\/\/cejc-madrid.org\/index.php\/wp-json\/wp\/v2\/posts"}],"about":[{"href":"https:\/\/cejc-madrid.org\/index.php\/wp-json\/wp\/v2\/types\/post"}],"author":[{"embeddable":true,"href":"https:\/\/cejc-madrid.org\/index.php\/wp-json\/wp\/v2\/users\/1"}],"replies":[{"embeddable":true,"href":"https:\/\/cejc-madrid.org\/index.php\/wp-json\/wp\/v2\/comments?post=604"}],"version-history":[{"count":0,"href":"https:\/\/cejc-madrid.org\/index.php\/wp-json\/wp\/v2\/posts\/604\/revisions"}],"wp:attachment":[{"href":"https:\/\/cejc-madrid.org\/index.php\/wp-json\/wp\/v2\/media?parent=604"}],"wp:term":[{"taxonomy":"category","embeddable":true,"href":"https:\/\/cejc-madrid.org\/index.php\/wp-json\/wp\/v2\/categories?post=604"},{"taxonomy":"post_tag","embeddable":true,"href":"https:\/\/cejc-madrid.org\/index.php\/wp-json\/wp\/v2\/tags?post=604"}],"curies":[{"name":"wp","href":"https:\/\/api.w.org\/{rel}","templated":true}]}}