{"id":605,"date":"2022-02-17T11:30:26","date_gmt":"2022-02-17T11:30:26","guid":{"rendered":"https:\/\/upbeat-goodall.82-223-35-84.plesk.page\/index.php\/2022\/02\/17\/el-judaismo-europeo-entre-guerras\/"},"modified":"2022-02-17T11:30:26","modified_gmt":"2022-02-17T11:30:26","slug":"el-judaismo-europeo-entre-guerras","status":"publish","type":"post","link":"https:\/\/cejc-madrid.org\/index.php\/2022\/02\/17\/el-judaismo-europeo-entre-guerras\/","title":{"rendered":"El juda\u00edsmo europeo entre guerras"},"content":{"rendered":"<p>El \u00c1rea de Estudios Hebreos y Arameos de la Universidad de Salamanca anuncia la conferencia \u201c<em>El juda\u00edsmo europeo entre guerras<\/em>\u201d, a cargo de Rab. Pinhas Punturello, rabino de la Comunidad Jud\u00eda de Madrid, que tendr\u00e1 lugar el pr\u00f3ximo 8 de marzo, a las 12:00 h, en el Aula Magna de la Facultad de Filolog\u00eda del campus salmantino.<\/p>\n","protected":false},"excerpt":{"rendered":"<p>El \u00c1rea de Estudios Hebreos y Arameos de la Universidad de Salamanca anuncia la conferencia \u201cEl juda\u00edsmo europeo entre guerras\u201d, a cargo de Rab. Pinhas Punturello, rabino de la Comunidad Jud\u00eda de Madrid, que tendr\u00e1 lugar el pr\u00f3ximo 8 de marzo, a las 12:00 h, en el Aula Magna de la Facultad de Filolog\u00eda del [&hellip;]<\/p>\n","protected":false},"author":1,"featured_media":0,"comment_status":"open","ping_status":"open","sticky":false,"template":"","format":"standard","meta":{"_et_pb_use_builder":"","_et_pb_old_content":"","_et_gb_content_width":"","footnotes":""},"categories":[1],"tags":[178,211,52],"class_list":["post-605","post","type-post","status-publish","format-standard","hentry","category-uncategorized","tag-amistad-judeo-cristiana","tag-historia-del-judaismo-en-el-periodo-de-entre-guerras","tag-judaismo"],"_links":{"self":[{"href":"https:\/\/cejc-madrid.org\/index.php\/wp-json\/wp\/v2\/posts\/605","targetHints":{"allow":["GET"]}}],"collection":[{"href":"https:\/\/cejc-madrid.org\/index.php\/wp-json\/wp\/v2\/posts"}],"about":[{"href":"https:\/\/cejc-madrid.org\/index.php\/wp-json\/wp\/v2\/types\/post"}],"author":[{"embeddable":true,"href":"https:\/\/cejc-madrid.org\/index.php\/wp-json\/wp\/v2\/users\/1"}],"replies":[{"embeddable":true,"href":"https:\/\/cejc-madrid.org\/index.php\/wp-json\/wp\/v2\/comments?post=605"}],"version-history":[{"count":0,"href":"https:\/\/cejc-madrid.org\/index.php\/wp-json\/wp\/v2\/posts\/605\/revisions"}],"wp:attachment":[{"href":"https:\/\/cejc-madrid.org\/index.php\/wp-json\/wp\/v2\/media?parent=605"}],"wp:term":[{"taxonomy":"category","embeddable":true,"href":"https:\/\/cejc-madrid.org\/index.php\/wp-json\/wp\/v2\/categories?post=605"},{"taxonomy":"post_tag","embeddable":true,"href":"https:\/\/cejc-madrid.org\/index.php\/wp-json\/wp\/v2\/tags?post=605"}],"curies":[{"name":"wp","href":"https:\/\/api.w.org\/{rel}","templated":true}]}}