{"id":606,"date":"2022-03-25T11:11:28","date_gmt":"2022-03-25T11:11:28","guid":{"rendered":"https:\/\/upbeat-goodall.82-223-35-84.plesk.page\/index.php\/2022\/03\/25\/circular-224-enero-marzo-2022\/"},"modified":"2024-11-27T09:25:43","modified_gmt":"2024-11-27T09:25:43","slug":"circular-224-enero-marzo-2022","status":"publish","type":"post","link":"https:\/\/cejc-madrid.org\/index.php\/2022\/03\/25\/circular-224-enero-marzo-2022\/","title":{"rendered":"Circular n\u00ba 224 Enero-Marzo 2022"},"content":{"rendered":"<p>La circular de este trimestre se acerca a los siguientes temas:<\/p>\n<ul>\n<li>El CEJC, presente en los actos institucionales de conmemoraci\u00f3n de las v\u00edctimas del Holocausto<\/li>\n<li>Audiencia del Papa a una mujer superviviente del Holocausto<\/li>\n<li>Indiferencia ante el genocidio anticristiano en Nigeria<\/li>\n<li>El Gobierno de Israel publica los datos sobre su poblaci\u00f3n cristiana<\/li>\n<li>La CEE celebra la Jornada de la Fraternidad Humana junto a jud\u00edos y musulmanes<\/li>\n<li>Tierra Santa abre totalmente sus puertas desde el 1 de marzo<\/li>\n<li>El cardenal Osoro se re\u00fane con el Papa en el marco de la plenaria de la Congregaci\u00f3n para las Iglesias Orientales<\/li>\n<li>La reina Rania de Jordania y su esposo, galardonados con el Premio Zayed a la Fraternidad Humana<\/li>\n<li>La comunidad jud\u00eda de Arizona exige que el estado no use \u2018Zyklon B\u2019 en las ejecuciones<\/li>\n<li>El Papa en el centenario de la revista Tierra Santa: \u2018Cuenten que la fraternidad es posible\u2019<\/li>\n<li>Israel designa a un juez musulm\u00e1n para la Corte Suprema por primera vez en la historia<\/li>\n<li>Aumenta n\u00famero de personas que aportan de sus impuestos a la Iglesia, pero disminuye la cantidad de dinero aportado<\/li>\n<li>La Biblioteca Nacional de Israel recupera 90 p\u00e1ginas de uno de los libros hebreos impresos m\u00e1s antiguos<\/li>\n<li>La di\u00f3cesis de Madrid recupera plenamente la liturgia anterior a la pandemia<\/li>\n<li>Paral\u00edticos podr\u00edan volver a caminar gracias a un implante de m\u00e9dula desarrollado en Israel<\/li>\n<li>Fallece Israel Dresner, rabino de Wayne y l\u00edder de los derechos civiles<\/li>\n<li>La curiosa y parad\u00f3jica historia de Hessy Levinsons Taft<\/li>\n<li>Noticias del Centro<\/li>\n<\/ul>\n","protected":false},"excerpt":{"rendered":"<p>La circular de este trimestre se acerca a los siguientes temas: El CEJC, presente en los actos institucionales de conmemoraci\u00f3n de las v\u00edctimas del Holocausto Audiencia del Papa a una mujer superviviente del Holocausto Indiferencia ante el genocidio anticristiano en Nigeria El Gobierno de Israel publica los datos sobre su poblaci\u00f3n cristiana La CEE celebra [&hellip;]<\/p>\n","protected":false},"author":1,"featured_media":2529,"comment_status":"open","ping_status":"open","sticky":false,"template":"","format":"standard","meta":{"_et_pb_use_builder":"","_et_pb_old_content":"","_et_gb_content_width":"","footnotes":""},"categories":[4],"tags":[178,179],"class_list":["post-606","post","type-post","status-publish","format-standard","has-post-thumbnail","hentry","category-circular","tag-amistad-judeo-cristiana","tag-dialogo-interreligioso"],"_links":{"self":[{"href":"https:\/\/cejc-madrid.org\/index.php\/wp-json\/wp\/v2\/posts\/606","targetHints":{"allow":["GET"]}}],"collection":[{"href":"https:\/\/cejc-madrid.org\/index.php\/wp-json\/wp\/v2\/posts"}],"about":[{"href":"https:\/\/cejc-madrid.org\/index.php\/wp-json\/wp\/v2\/types\/post"}],"author":[{"embeddable":true,"href":"https:\/\/cejc-madrid.org\/index.php\/wp-json\/wp\/v2\/users\/1"}],"replies":[{"embeddable":true,"href":"https:\/\/cejc-madrid.org\/index.php\/wp-json\/wp\/v2\/comments?post=606"}],"version-history":[{"count":1,"href":"https:\/\/cejc-madrid.org\/index.php\/wp-json\/wp\/v2\/posts\/606\/revisions"}],"predecessor-version":[{"id":2530,"href":"https:\/\/cejc-madrid.org\/index.php\/wp-json\/wp\/v2\/posts\/606\/revisions\/2530"}],"wp:featuredmedia":[{"embeddable":true,"href":"https:\/\/cejc-madrid.org\/index.php\/wp-json\/wp\/v2\/media\/2529"}],"wp:attachment":[{"href":"https:\/\/cejc-madrid.org\/index.php\/wp-json\/wp\/v2\/media?parent=606"}],"wp:term":[{"taxonomy":"category","embeddable":true,"href":"https:\/\/cejc-madrid.org\/index.php\/wp-json\/wp\/v2\/categories?post=606"},{"taxonomy":"post_tag","embeddable":true,"href":"https:\/\/cejc-madrid.org\/index.php\/wp-json\/wp\/v2\/tags?post=606"}],"curies":[{"name":"wp","href":"https:\/\/api.w.org\/{rel}","templated":true}]}}