{"id":607,"date":"2022-03-25T11:16:49","date_gmt":"2022-03-25T11:16:49","guid":{"rendered":"https:\/\/upbeat-goodall.82-223-35-84.plesk.page\/index.php\/2022\/03\/25\/circular-extraordinaria-invasion-en-ucrania\/"},"modified":"2024-11-27T09:37:23","modified_gmt":"2024-11-27T09:37:23","slug":"circular-extraordinaria-invasion-en-ucrania","status":"publish","type":"post","link":"https:\/\/cejc-madrid.org\/index.php\/2022\/03\/25\/circular-extraordinaria-invasion-en-ucrania\/","title":{"rendered":"Circular extraordinaria &#8216;Invasi\u00f3n en Ucrania&#8217;"},"content":{"rendered":"<p>Con motivo de la invasi\u00f3n en Ucrania, el Centro de Estudios Judeo-Cristianos ha publicado una circular extraordinaria que incluye los siguientes temas:<\/p>\n<ul>\n<li>El Papa acude a la embajada rusa en Roma para mediar en el conflicto<\/li>\n<li>El Papa env\u00eda a dos cardenales en misi\u00f3n especial a Ucrania<\/li>\n<li>El Museo del Holocausto condena la invasi\u00f3n rusa y el uso de la ret\u00f3rica nazi<\/li>\n<li>La Embajada de Ucrania ante la Santa Sede se\u00f1ala que Rusia podr\u00eda destruir la Catedral de Santa Sof\u00eda<\/li>\n<li>Obispo ortodoxo de Ucrania, quinta cabeza a cortar para Putin<\/li>\n<li>El patriarca de Mosc\u00fa habr\u00eda frustrado los intentos del Papa para hablar directamente con Putin<\/li>\n<li>Yad Vashem condena el ataque ruso en Babi Yar<\/li>\n<li>Zelensky insta a los jud\u00edos a alzar su voz tras el ataque a Babi Yar<\/li>\n<li>La ex primera ministra de Israel, Golda Meir, se ha convertido en un s\u00edmbolo de esperanza para los ucranianos<\/li>\n<li>Zelensky propone que las negociaciones entre Rusia y Ucrania tengan lugar en Jerusal\u00e9n<\/li>\n<li>Los refugiados ucranianos se aproximan ya a 2,7 millones, seg\u00fan ACNUR<\/li>\n<li>La Mesa por la Hospitalidad pide recursos para acoger a refugiados ucranianos<\/li>\n<li>La Universidad de Tel Aviv decide colaborar con los estudiantes ucranianos<\/li>\n<li>Israel instala un hospital de campa\u00f1a en Ucrania<\/li>\n<li>Operaci\u00f3n \u2018Regreso a casa\u2019 para trasladar a los jud\u00edos desde Ucrania<\/li>\n<li>El KKL recibe en Israel a ni\u00f1os hu\u00e9rfanos jud\u00edos de Ucrania<\/li>\n<li>Una sinagoga de Kiev se convirti\u00f3 en refugio<\/li>\n<li>Israel acude al rescate de diez ni\u00f1os de Kiev enfermos de c\u00e1ncer<\/li>\n<li>Jud\u00edos y cristianos de Ucrania retiran sus s\u00edmbolos sagrados ante previsibles ataques<\/li>\n<\/ul>\n","protected":false},"excerpt":{"rendered":"<p>Con motivo de la invasi\u00f3n en Ucrania, el Centro de Estudios Judeo-Cristianos ha publicado una circular extraordinaria que incluye los siguientes temas: El Papa acude a la embajada rusa en Roma para mediar en el conflicto El Papa env\u00eda a dos cardenales en misi\u00f3n especial a Ucrania El Museo del Holocausto condena la invasi\u00f3n rusa [&hellip;]<\/p>\n","protected":false},"author":1,"featured_media":2539,"comment_status":"open","ping_status":"open","sticky":false,"template":"","format":"standard","meta":{"_et_pb_use_builder":"","_et_pb_old_content":"","_et_gb_content_width":"","footnotes":""},"categories":[4],"tags":[178,179,212],"class_list":["post-607","post","type-post","status-publish","format-standard","has-post-thumbnail","hentry","category-circular","tag-amistad-judeo-cristiana","tag-dialogo-interreligioso","tag-religiones-por-la-paz"],"_links":{"self":[{"href":"https:\/\/cejc-madrid.org\/index.php\/wp-json\/wp\/v2\/posts\/607","targetHints":{"allow":["GET"]}}],"collection":[{"href":"https:\/\/cejc-madrid.org\/index.php\/wp-json\/wp\/v2\/posts"}],"about":[{"href":"https:\/\/cejc-madrid.org\/index.php\/wp-json\/wp\/v2\/types\/post"}],"author":[{"embeddable":true,"href":"https:\/\/cejc-madrid.org\/index.php\/wp-json\/wp\/v2\/users\/1"}],"replies":[{"embeddable":true,"href":"https:\/\/cejc-madrid.org\/index.php\/wp-json\/wp\/v2\/comments?post=607"}],"version-history":[{"count":1,"href":"https:\/\/cejc-madrid.org\/index.php\/wp-json\/wp\/v2\/posts\/607\/revisions"}],"predecessor-version":[{"id":2540,"href":"https:\/\/cejc-madrid.org\/index.php\/wp-json\/wp\/v2\/posts\/607\/revisions\/2540"}],"wp:featuredmedia":[{"embeddable":true,"href":"https:\/\/cejc-madrid.org\/index.php\/wp-json\/wp\/v2\/media\/2539"}],"wp:attachment":[{"href":"https:\/\/cejc-madrid.org\/index.php\/wp-json\/wp\/v2\/media?parent=607"}],"wp:term":[{"taxonomy":"category","embeddable":true,"href":"https:\/\/cejc-madrid.org\/index.php\/wp-json\/wp\/v2\/categories?post=607"},{"taxonomy":"post_tag","embeddable":true,"href":"https:\/\/cejc-madrid.org\/index.php\/wp-json\/wp\/v2\/tags?post=607"}],"curies":[{"name":"wp","href":"https:\/\/api.w.org\/{rel}","templated":true}]}}