{"id":608,"date":"2022-04-06T15:00:47","date_gmt":"2022-04-06T15:00:47","guid":{"rendered":"https:\/\/upbeat-goodall.82-223-35-84.plesk.page\/index.php\/2022\/04\/06\/jornada-interconfesional-abril-2022-mes-sagrado\/"},"modified":"2022-04-06T15:00:47","modified_gmt":"2022-04-06T15:00:47","slug":"jornada-interconfesional-abril-2022-mes-sagrado","status":"publish","type":"post","link":"https:\/\/cejc-madrid.org\/index.php\/2022\/04\/06\/jornada-interconfesional-abril-2022-mes-sagrado\/","title":{"rendered":"Jornada interconfesional \u2018Abril 2022, mes sagrado\u2019"},"content":{"rendered":"<p>El Centro de Estudios Judeo-Cristianos y la Federaci\u00f3n de Comunidades Jud\u00edas de Espa\u00f1a convocaron a los representantes de las confesiones monote\u00edstas en Espa\u00f1a, el pasado martes 5 de abril en el Hotel Intercontinental de Madrid, para confraternizar y estrechar lazos con motivo de la coincidencia de festividades de significativa importancia para cada una de ellas, ya que la Semana Santa cat\u00f3lica y evang\u00e9lica se celebra del 14 al 17 de abril; la Semana Santa ortodoxa es el d\u00eda 24 de abril; el mes santo del Ramad\u00e1n comenz\u00f3 el d\u00eda 2 y finaliza el 30 de abril; y P\u00e9saj, la Pascua jud\u00eda, es del 15 al 23 de abril.<\/p>\n<p>El encuentro cont\u00f3 con las intervenciones del Presidente de la FCJE, D. Isaac Benzaqu\u00e9n; la Directora del Centro de Estudios Judeo-Cristianos, D\u00f1a. Mayte Rodr\u00edguez; El &nbsp;Arzobispo de Granada y Presidente de la Subcomisi\u00f3n de Relaciones Interconfesionales, Mons. Francisco Javier Mart\u00ednez Fern\u00e1ndez; &nbsp;el Pastor de la Federaci\u00f3n de Entidades Religiosas Evang\u00e9licas de Espa\u00f1a, D. Jos\u00e9 Pablo S\u00e1nchez; y el Secretario General de la Comisi\u00f3n Isl\u00e1mica de Espa\u00f1a, D. Mohamed Ajana.<\/p>\n<p>La Directora del CEJC, D\u00f1a. Mayte Rodr\u00edguez, destac\u00f3 en su intervenci\u00f3n c\u00f3mo \u201c<em>la <\/em><em>fraternidad ha sido el motor que, en su vertiente del di\u00e1logo judeo-cristiano, nos ha movido desde nuestra fundaci\u00f3n en 1972 como instituci\u00f3n de la Iglesia en Espa\u00f1a de la mano del cardenal Taranc\u00f3n. No obstante, el esp\u00edritu ya hab\u00eda arraigado incluso antes de la Declaraci\u00f3n conciliar <\/em>Nostra Aetate<em>, en 1962, con la Amistad Judeo-Cristiana, donde figuras tan notables como Samuel Toledano, el padre Vicente Serrano, Max Mazin, Sor Esperanza Mary y Sor Ionel, iniciaron un camino que nosotros, 60 a\u00f1os despu\u00e9s, nos esforzamos en continuar<\/em>\u201d.<\/p>\n<p>\u201c<em>En definitiva, trabajamos contra los prejuicios, fomentando el conocimiento mutuo y la verdadera amistad, respetando las diferencias<\/em>\u201d, prosigui\u00f3 la Directora del CEJC, quien tambi\u00e9n se\u00f1al\u00f3 que \u201c<em>el encuentro de hoy es una afirmaci\u00f3n no s\u00f3lo de que los diferentes pueden estar juntos, sino que el respeto, el conocimiento y el reconocimiento del otro, son las claves del verdadero encuentro en el que las personas y los pueblos se enriquecen mutuamente. Por eso, en un mundo no reconciliado que sabe m\u00e1s de violencia y de guerra que de paz, nuestras religiones tienen la responsabilidad de trabajar juntas y de ser testigos de la fraternidad ante un mundo carente de unidad y paz<\/em>\u201d.<\/p>\n<p>\u201c<em>Es un deber para toda persona de buena voluntad, especialmente los que tienen a su cargo la formaci\u00f3n de las conciencias, promover el verdadero encuentro entre las religiones y, a su vez, ser causa de bendici\u00f3n los unos para los otros y todos juntos para toda la humanidad<\/em>\u201d, concluy\u00f3 D\u00f1a. Mayte Rodr\u00edguez.<\/p>\n<p>Tras una oraci\u00f3n com\u00fan por la paz en Ucrania a cargo de los cuatro representantes religiosos, la Presidenta de la Comunidad Jud\u00eda de Madrid, D\u00f1a. Estrella Bengio, cerr\u00f3 el acto, que cont\u00f3 tambi\u00e9n con una clausura musical por parte de D\u00f1a. Mercedes Benzaqu\u00e9n. Finalmente, los presentes acompa\u00f1aron a la delegaci\u00f3n musulmana en la ruptura del ayuno, con un aperitivo especial en un ambiente de fraternidad y cordialidad.<\/p>\n","protected":false},"excerpt":{"rendered":"<p>El Centro de Estudios Judeo-Cristianos y la Federaci\u00f3n de Comunidades Jud\u00edas de Espa\u00f1a convocaron a los representantes de las confesiones monote\u00edstas en Espa\u00f1a, el pasado martes 5 de abril en el Hotel Intercontinental de Madrid, para confraternizar y estrechar lazos con motivo de la coincidencia de festividades de significativa importancia para cada una de ellas, [&hellip;]<\/p>\n","protected":false},"author":1,"featured_media":0,"comment_status":"open","ping_status":"open","sticky":false,"template":"","format":"standard","meta":{"_et_pb_use_builder":"","_et_pb_old_content":"","_et_gb_content_width":"","footnotes":""},"categories":[1],"tags":[216,179,214,213,215,212],"class_list":["post-608","post","type-post","status-publish","format-standard","hentry","category-uncategorized","tag-confesiones-monoteistas","tag-dialogo-interreligioso","tag-encuentro-interconfesional","tag-fraternidad-humana","tag-religiones-abrahamicas","tag-religiones-por-la-paz"],"_links":{"self":[{"href":"https:\/\/cejc-madrid.org\/index.php\/wp-json\/wp\/v2\/posts\/608","targetHints":{"allow":["GET"]}}],"collection":[{"href":"https:\/\/cejc-madrid.org\/index.php\/wp-json\/wp\/v2\/posts"}],"about":[{"href":"https:\/\/cejc-madrid.org\/index.php\/wp-json\/wp\/v2\/types\/post"}],"author":[{"embeddable":true,"href":"https:\/\/cejc-madrid.org\/index.php\/wp-json\/wp\/v2\/users\/1"}],"replies":[{"embeddable":true,"href":"https:\/\/cejc-madrid.org\/index.php\/wp-json\/wp\/v2\/comments?post=608"}],"version-history":[{"count":0,"href":"https:\/\/cejc-madrid.org\/index.php\/wp-json\/wp\/v2\/posts\/608\/revisions"}],"wp:attachment":[{"href":"https:\/\/cejc-madrid.org\/index.php\/wp-json\/wp\/v2\/media?parent=608"}],"wp:term":[{"taxonomy":"category","embeddable":true,"href":"https:\/\/cejc-madrid.org\/index.php\/wp-json\/wp\/v2\/categories?post=608"},{"taxonomy":"post_tag","embeddable":true,"href":"https:\/\/cejc-madrid.org\/index.php\/wp-json\/wp\/v2\/tags?post=608"}],"curies":[{"name":"wp","href":"https:\/\/api.w.org\/{rel}","templated":true}]}}