{"id":609,"date":"2022-06-10T08:36:34","date_gmt":"2022-06-10T08:36:34","guid":{"rendered":"https:\/\/upbeat-goodall.82-223-35-84.plesk.page\/index.php\/2022\/06\/10\/cristianofobia-en-nigeria\/"},"modified":"2022-06-10T08:36:34","modified_gmt":"2022-06-10T08:36:34","slug":"cristianofobia-en-nigeria","status":"publish","type":"post","link":"https:\/\/cejc-madrid.org\/index.php\/2022\/06\/10\/cristianofobia-en-nigeria\/","title":{"rendered":"Cristianofobia en Nigeria"},"content":{"rendered":"<p>Desde el Centro de Estudios Judeo-Cristianos, denunciamos el asesinato de nuestros hermanos cristianos en Nigeria, con nuestro cari\u00f1o para los familiares y lamentando que este crimen pase desapercibido en los medios de comunicaci\u00f3n, como si la cristianofobia no existiera.<\/p>\n<p>Reproducimos a continuaci\u00f3n la nota redactada por Elizabeth Owens&nbsp;y difundida por Zenit Noticias el pasado 6 de junio:<\/p>\n<p><strong>Masacre contra cat\u00f3licos en Nigeria. Papa se pronuncia. Medios callan ante este \u201csufrimiento de segunda\u201d<\/strong><\/p>\n<p>El domingo 5 de junio, solemnidad de Pentecost\u00e9s, la comunidad cat\u00f3lica de Nigeria sufri\u00f3 un grave atentado que se ha cobrado la vida de al menos 21 personas.<\/p>\n<p>\u201c<em>Mientras la Santa Misa estaba sucediendo, hombres de origen desconocido, con armas de fuego atacaron la Iglesia Cat\u00f3lica de San Francisco Xavier, en Owo, estado de Ondo<\/em>\u201d, declar\u00f3 el Padre Augustine IKWU, director de comunicaci\u00f3n de la di\u00f3cesis de Ondo, quien a\u00f1ade: \u201c<em>En este punto de la historia de nuestro querido pa\u00eds Nigeria, necesitamos la intervenci\u00f3n definitiva de Dios para restaurar la paz y la tranquilidad<\/em>\u201d.<\/p>\n<p>Un comunicado de la di\u00f3cesis confirma que los sacerdotes de la parroquia est\u00e1n a salvo y ninguno secuestrado, como inicialmente se hab\u00eda difundido en las redes sociales. Aunque ning\u00fan grupo ha reivindicado el atentado, se especula acerca de los musulmanes de Boko Haram&nbsp;o alguna de sus c\u00e9lulas. La novedad ser\u00eda que este atentado se tuvo al sur del pa\u00eds, donde esos grupos islamistas no hab\u00edan cometido atentados. Otras agencias informativas han hablado de 50 v\u00edctimas. Informaciones llegadas a ZENIT nos refieren 21 hasta el momento.<\/p>\n<p>El Papa se ha hecho presente por medio de un telegrama que envi\u00f3 por medio del Secretario de Estado al obispo local, Mons. Jude Arogundade, que dice:<\/p>\n<p><em>\u201cSu Santidad el Papa Francisco ha recibido con profunda tristeza la noticia del horrible atentado perpetrado en la iglesia de San Francisco de Owo, y le asegura a usted y a todos los afectados por este acto de indescriptible violencia su cercan\u00eda espiritual. Al encomendar las almas de los fallecidos a la amorosa misericordia de Dios Todopoderoso e implorar la curaci\u00f3n y el consuelo divinos a los heridos y a los dolientes, su santidad reza por la conversi\u00f3n de los cegados por el odio y la violencia, para que elijan en su lugar el camino de la paz y la justicia. Sobre usted y los fieles de la di\u00f3cesis, el Papa Francisco invoca las bendiciones divinas de consuelo y fortaleza mientras contin\u00faan viviendo el mensaje evang\u00e9lico con fidelidad y valor\u201d<\/em>.<\/p>\n<p>El portal de noticias de la Santa Sede destaca en uno de sus art\u00edculos una realidad constatada por muchos otros medios confesionales, entre los que se incluye Zenit:<\/p>\n<p>\u201c<em>La terrible masacre perpetrada en un templo cat\u00f3lico de Nigeria no ha recibido la importancia que merece en muchos de los principales medios de comunicaci\u00f3n del mundo. De hecho, hay un sufrimiento de segunda clase que provoca otro sufrimiento, que proviene de sentirse olvidado, de ver que el propio dolor, por grande que sea, no es digno de atenci\u00f3n<\/em>\u201d.<\/p>\n","protected":false},"excerpt":{"rendered":"<p>Desde el Centro de Estudios Judeo-Cristianos, denunciamos el asesinato de nuestros hermanos cristianos en Nigeria, con nuestro cari\u00f1o para los familiares y lamentando que este crimen pase desapercibido en los medios de comunicaci\u00f3n, como si la cristianofobia no existiera. Reproducimos a continuaci\u00f3n la nota redactada por Elizabeth Owens&nbsp;y difundida por Zenit Noticias el pasado 6 [&hellip;]<\/p>\n","protected":false},"author":1,"featured_media":0,"comment_status":"open","ping_status":"open","sticky":false,"template":"","format":"standard","meta":{"_et_pb_use_builder":"","_et_pb_old_content":"","_et_gb_content_width":"","footnotes":""},"categories":[1],"tags":[218,217,179,219],"class_list":["post-609","post","type-post","status-publish","format-standard","hentry","category-uncategorized","tag-cristianofobia","tag-cristianos-perseguidos","tag-dialogo-interreligioso","tag-libertad-religiosa"],"_links":{"self":[{"href":"https:\/\/cejc-madrid.org\/index.php\/wp-json\/wp\/v2\/posts\/609","targetHints":{"allow":["GET"]}}],"collection":[{"href":"https:\/\/cejc-madrid.org\/index.php\/wp-json\/wp\/v2\/posts"}],"about":[{"href":"https:\/\/cejc-madrid.org\/index.php\/wp-json\/wp\/v2\/types\/post"}],"author":[{"embeddable":true,"href":"https:\/\/cejc-madrid.org\/index.php\/wp-json\/wp\/v2\/users\/1"}],"replies":[{"embeddable":true,"href":"https:\/\/cejc-madrid.org\/index.php\/wp-json\/wp\/v2\/comments?post=609"}],"version-history":[{"count":0,"href":"https:\/\/cejc-madrid.org\/index.php\/wp-json\/wp\/v2\/posts\/609\/revisions"}],"wp:attachment":[{"href":"https:\/\/cejc-madrid.org\/index.php\/wp-json\/wp\/v2\/media?parent=609"}],"wp:term":[{"taxonomy":"category","embeddable":true,"href":"https:\/\/cejc-madrid.org\/index.php\/wp-json\/wp\/v2\/categories?post=609"},{"taxonomy":"post_tag","embeddable":true,"href":"https:\/\/cejc-madrid.org\/index.php\/wp-json\/wp\/v2\/tags?post=609"}],"curies":[{"name":"wp","href":"https:\/\/api.w.org\/{rel}","templated":true}]}}