{"id":61,"date":"2011-11-04T11:21:54","date_gmt":"2011-11-04T11:21:54","guid":{"rendered":"https:\/\/upbeat-goodall.82-223-35-84.plesk.page\/index.php\/2011\/11\/04\/el-olivo-no-58\/"},"modified":"2011-11-04T11:21:54","modified_gmt":"2011-11-04T11:21:54","slug":"el-olivo-no-58","status":"publish","type":"post","link":"https:\/\/cejc-madrid.org\/index.php\/2011\/11\/04\/el-olivo-no-58\/","title":{"rendered":"El Olivo n\u00ba 58"},"content":{"rendered":"<p align=\"center\"><b>EL OLIVO    n\u00ba 58<\/b><\/p>\n<p align=\"center\">\u00a0<\/p>\n<p align=\"center\">Julio &#8211; Diciembre 2003<\/p>\n<p align=\"center\">\u00a0<\/p>\n<p align=\"center\"><span style=\"text-decoration: underline;\">\u00cdndice<\/span><\/p>\n<p align=\"center\">\u00a0<\/p>\n<p align=\"left\"><b>&#8230; Y al profeta  Jerem\u00edas le faltaban las palabras &#8211;<\/b><b> <\/b>Mar\u00eda Fuencisla Garc\u00eda Casar &#8211; Universidad de Salamanca<b>&nbsp;<\/b><\/p>\n<p align=\"left\"><b>Nuevas noticias  de la juder\u00eda de Villalpando: sus actividades prestamistas, el barrio y la  sinagoga &#8211;<\/b><b> <\/b>Inocencio Cadi\u00f1anos Bardeci &#8211; Madrid<b>&nbsp;<\/b><\/p>\n<p align=\"left\"><b>Conflictos  \u00edntimos en el alma de los descendientes de los conversos en los siglos XVII y  XVIII. \u00bfEra el juda\u00edsmo para  todos los cristianos nuevos la \u00abLey en la que esperaban vivir y  morir\u00bb?<\/b><i><b> &#8211; <\/b><\/i>Michael Alpert<i> &#8211; <\/i>Universidad de Westminster<b>&nbsp;<\/b><\/p>\n<p align=\"left\"><b>Los conceptos de  tierra, pueblo y ley desde la perspectiva de los fundamentalismos jud\u00edos &#8211;<\/b> Guadalupe Seijas de los R\u00edos-Zarzosa<i> &#8211; <\/i>Universidad Complutense de Madrid<b>&nbsp;<\/b><\/p>\n<p align=\"left\"><b>La regulaci\u00f3n  civil del matrimonio celebrado en forma jud\u00eda en Espa\u00f1a &#8211;<\/b><i><b> <\/b><\/i>Javier Valero<i> &#8211; <\/i>Zaragoza<\/p>\n<p align=\"left\">\u00a0<\/p>\n<p align=\"left\">Documentaci\u00f3n:<b><\/b><\/p>\n<p align=\"left\"><b>Antisemitismo:  una plaga que combatir<\/b><i><\/i><\/p>\n<p align=\"left\"><i>Reflexi\u00f3n con motivo de la IV Jornada de  la Cultura Jud\u00eda. Walter Kasper, Presidente del Consejo Pontificio para la  Promoci\u00f3n de la Comisi\u00f3n para las Relaciones Religiosas con el Juda\u00edsmo.<\/i><b><\/b><\/p>\n<p align=\"left\"><b>Minaretes en  Holanda<\/b><i><\/i><\/p>\n<p align=\"left\"><i>Encuentro del ICCJ en Utrecht del 29 de  junio al 3 de julio de 2003. Ana Kowarik.<\/i><\/p>\n<blockquote><\/blockquote>\n","protected":false},"excerpt":{"rendered":"<p>EL OLIVO n\u00ba 58 \u00a0 Julio &#8211; Diciembre 2003 \u00a0 \u00cdndice \u00a0 &#8230; Y al profeta Jerem\u00edas le faltaban las palabras &#8211; Mar\u00eda Fuencisla Garc\u00eda Casar &#8211; Universidad de Salamanca&nbsp; Nuevas noticias de la juder\u00eda de Villalpando: sus actividades prestamistas, el barrio y la sinagoga &#8211; Inocencio Cadi\u00f1anos Bardeci &#8211; Madrid&nbsp; Conflictos \u00edntimos en el [&hellip;]<\/p>\n","protected":false},"author":1,"featured_media":0,"comment_status":"open","ping_status":"open","sticky":false,"template":"","format":"standard","meta":{"_et_pb_use_builder":"","_et_pb_old_content":"","_et_gb_content_width":"","footnotes":""},"categories":[25],"tags":[],"class_list":["post-61","post","type-post","status-publish","format-standard","hentry","category-revista-qel-olivoq"],"_links":{"self":[{"href":"https:\/\/cejc-madrid.org\/index.php\/wp-json\/wp\/v2\/posts\/61","targetHints":{"allow":["GET"]}}],"collection":[{"href":"https:\/\/cejc-madrid.org\/index.php\/wp-json\/wp\/v2\/posts"}],"about":[{"href":"https:\/\/cejc-madrid.org\/index.php\/wp-json\/wp\/v2\/types\/post"}],"author":[{"embeddable":true,"href":"https:\/\/cejc-madrid.org\/index.php\/wp-json\/wp\/v2\/users\/1"}],"replies":[{"embeddable":true,"href":"https:\/\/cejc-madrid.org\/index.php\/wp-json\/wp\/v2\/comments?post=61"}],"version-history":[{"count":0,"href":"https:\/\/cejc-madrid.org\/index.php\/wp-json\/wp\/v2\/posts\/61\/revisions"}],"wp:attachment":[{"href":"https:\/\/cejc-madrid.org\/index.php\/wp-json\/wp\/v2\/media?parent=61"}],"wp:term":[{"taxonomy":"category","embeddable":true,"href":"https:\/\/cejc-madrid.org\/index.php\/wp-json\/wp\/v2\/categories?post=61"},{"taxonomy":"post_tag","embeddable":true,"href":"https:\/\/cejc-madrid.org\/index.php\/wp-json\/wp\/v2\/tags?post=61"}],"curies":[{"name":"wp","href":"https:\/\/api.w.org\/{rel}","templated":true}]}}